{"id":9668,"date":"2025-08-28T16:58:30","date_gmt":"2025-08-28T14:58:30","guid":{"rendered":"https:\/\/www.grundschule-t-a-h.de\/?p=9668"},"modified":"2025-08-28T16:58:30","modified_gmt":"2025-08-28T14:58:30","slug":"einschulung-2025","status":"publish","type":"post","link":"https:\/\/www.grundschule-t-a-h.de\/?p=9668","title":{"rendered":"Einschulung 2025"},"content":{"rendered":"<p>Wir haben neue Erstkl\u00e4sslerinnen und Erstkl\u00e4ssler!<br \/>\nAm 28.08.2025 durften wir sie mit einem Gottesdienst und einem Einschulungsprogramm in Alme, Hoppecke und Th\u00fclen feierlich begr\u00fc\u00dfen. Anschlie\u00dfend fand mit Frau Bornemann \/ Frau Schmelter, Herrn Bork und Frau Scherzberg die erste Unterrichtsstunde statt.<br \/>\nHerzlich willkommen! Wir freuen uns, dass ihr nun bei uns seid!<\/p>\n<div id=\"attachment_9670\" style=\"width: 260px\" class=\"wp-caption aligncenter\"><a href=\"https:\/\/www.grundschule-t-a-h.de\/wp-content\/uploads\/2025\/08\/Einschulung-A-25-HP-rotated-e1756382440906.jpg\" rel=\"lightbox[9668]\"><img loading=\"lazy\" decoding=\"async\" aria-describedby=\"caption-attachment-9670\" class=\"wp-image-9670 size-medium\" src=\"https:\/\/www.grundschule-t-a-h.de\/wp-content\/uploads\/2025\/08\/Einschulung-A-25-HP-rotated-e1756382440906-250x167.jpg\" alt=\"\" width=\"250\" height=\"167\" srcset=\"https:\/\/www.grundschule-t-a-h.de\/wp-content\/uploads\/2025\/08\/Einschulung-A-25-HP-rotated-e1756382440906-250x167.jpg 250w, https:\/\/www.grundschule-t-a-h.de\/wp-content\/uploads\/2025\/08\/Einschulung-A-25-HP-rotated-e1756382440906-1024x682.jpg 1024w, https:\/\/www.grundschule-t-a-h.de\/wp-content\/uploads\/2025\/08\/Einschulung-A-25-HP-rotated-e1756382440906-768x512.jpg 768w, https:\/\/www.grundschule-t-a-h.de\/wp-content\/uploads\/2025\/08\/Einschulung-A-25-HP-rotated-e1756382440906-1536x1023.jpg 1536w, https:\/\/www.grundschule-t-a-h.de\/wp-content\/uploads\/2025\/08\/Einschulung-A-25-HP-rotated-e1756382440906-2048x1364.jpg 2048w, https:\/\/www.grundschule-t-a-h.de\/wp-content\/uploads\/2025\/08\/Einschulung-A-25-HP-rotated-e1756382440906-120x80.jpg 120w\" sizes=\"auto, (max-width: 250px) 100vw, 250px\" \/><\/a><p id=\"caption-attachment-9670\" class=\"wp-caption-text\">Alme 1a<\/p><\/div>\n<div id=\"attachment_9674\" style=\"width: 260px\" class=\"wp-caption aligncenter\"><a href=\"https:\/\/www.grundschule-t-a-h.de\/wp-content\/uploads\/2025\/08\/Einschulung-Ho-25.jpeg\" rel=\"lightbox[9668]\"><img loading=\"lazy\" decoding=\"async\" aria-describedby=\"caption-attachment-9674\" class=\"size-medium wp-image-9674\" src=\"https:\/\/www.grundschule-t-a-h.de\/wp-content\/uploads\/2025\/08\/Einschulung-Ho-25-250x166.jpeg\" alt=\"\" width=\"250\" height=\"166\" srcset=\"https:\/\/www.grundschule-t-a-h.de\/wp-content\/uploads\/2025\/08\/Einschulung-Ho-25-250x166.jpeg 250w, https:\/\/www.grundschule-t-a-h.de\/wp-content\/uploads\/2025\/08\/Einschulung-Ho-25-1024x682.jpeg 1024w, https:\/\/www.grundschule-t-a-h.de\/wp-content\/uploads\/2025\/08\/Einschulung-Ho-25-768x511.jpeg 768w, https:\/\/www.grundschule-t-a-h.de\/wp-content\/uploads\/2025\/08\/Einschulung-Ho-25-1536x1022.jpeg 1536w, https:\/\/www.grundschule-t-a-h.de\/wp-content\/uploads\/2025\/08\/Einschulung-Ho-25-120x80.jpeg 120w, https:\/\/www.grundschule-t-a-h.de\/wp-content\/uploads\/2025\/08\/Einschulung-Ho-25.jpeg 1600w\" sizes=\"auto, (max-width: 250px) 100vw, 250px\" \/><\/a><p id=\"caption-attachment-9674\" class=\"wp-caption-text\">Hoppecke 1b<\/p><\/div>\n<div id=\"attachment_9669\" style=\"width: 260px\" class=\"wp-caption aligncenter\"><a href=\"https:\/\/www.grundschule-t-a-h.de\/wp-content\/uploads\/2025\/08\/Einschulung-Th-25-HP.jpg\" rel=\"lightbox[9668]\"><img loading=\"lazy\" decoding=\"async\" aria-describedby=\"caption-attachment-9669\" class=\"wp-image-9669 size-medium\" src=\"https:\/\/www.grundschule-t-a-h.de\/wp-content\/uploads\/2025\/08\/Einschulung-Th-25-HP-250x166.jpg\" alt=\"\" width=\"250\" height=\"166\" srcset=\"https:\/\/www.grundschule-t-a-h.de\/wp-content\/uploads\/2025\/08\/Einschulung-Th-25-HP-250x166.jpg 250w, https:\/\/www.grundschule-t-a-h.de\/wp-content\/uploads\/2025\/08\/Einschulung-Th-25-HP-1024x681.jpg 1024w, https:\/\/www.grundschule-t-a-h.de\/wp-content\/uploads\/2025\/08\/Einschulung-Th-25-HP-768x510.jpg 768w, https:\/\/www.grundschule-t-a-h.de\/wp-content\/uploads\/2025\/08\/Einschulung-Th-25-HP-1536x1021.jpg 1536w, https:\/\/www.grundschule-t-a-h.de\/wp-content\/uploads\/2025\/08\/Einschulung-Th-25-HP-2048x1361.jpg 2048w, https:\/\/www.grundschule-t-a-h.de\/wp-content\/uploads\/2025\/08\/Einschulung-Th-25-HP-120x80.jpg 120w\" sizes=\"auto, (max-width: 250px) 100vw, 250px\" \/><\/a><p id=\"caption-attachment-9669\" class=\"wp-caption-text\">Th\u00fclen 1c<\/p><\/div>\n","protected":false},"excerpt":{"rendered":"<p>Wir haben neue Erstkl\u00e4sslerinnen und Erstkl\u00e4ssler! Am 28.08.2025 durften wir sie mit einem Gottesdienst und einem Einschulungsprogramm in Alme, Hoppecke und Th\u00fclen feierlich begr\u00fc\u00dfen. Anschlie\u00dfend fand mit Frau Bornemann \/ Frau Schmelter, Herrn Bork und Frau Scherzberg die erste Unterrichtsstunde &hellip; <a href=\"https:\/\/www.grundschule-t-a-h.de\/?p=9668\">Weiterlesen <span class=\"meta-nav\">&rarr;<\/span><\/a><\/p>\n","protected":false},"author":2,"featured_media":0,"comment_status":"closed","ping_status":"closed","sticky":false,"template":"","format":"standard","meta":{"ngg_post_thumbnail":0,"footnotes":""},"categories":[1,4,2,5,8],"tags":[],"class_list":["post-9668","post","type-post","status-publish","format-standard","hentry","category-allgemein","category-alme","category-hauptmenue","category-hoppecke","category-thuelen"],"_links":{"self":[{"href":"https:\/\/www.grundschule-t-a-h.de\/index.php?rest_route=\/wp\/v2\/posts\/9668","targetHints":{"allow":["GET"]}}],"collection":[{"href":"https:\/\/www.grundschule-t-a-h.de\/index.php?rest_route=\/wp\/v2\/posts"}],"about":[{"href":"https:\/\/www.grundschule-t-a-h.de\/index.php?rest_route=\/wp\/v2\/types\/post"}],"author":[{"embeddable":true,"href":"https:\/\/www.grundschule-t-a-h.de\/index.php?rest_route=\/wp\/v2\/users\/2"}],"replies":[{"embeddable":true,"href":"https:\/\/www.grundschule-t-a-h.de\/index.php?rest_route=%2Fwp%2Fv2%2Fcomments&post=9668"}],"version-history":[{"count":4,"href":"https:\/\/www.grundschule-t-a-h.de\/index.php?rest_route=\/wp\/v2\/posts\/9668\/revisions"}],"predecessor-version":[{"id":9675,"href":"https:\/\/www.grundschule-t-a-h.de\/index.php?rest_route=\/wp\/v2\/posts\/9668\/revisions\/9675"}],"wp:attachment":[{"href":"https:\/\/www.grundschule-t-a-h.de\/index.php?rest_route=%2Fwp%2Fv2%2Fmedia&parent=9668"}],"wp:term":[{"taxonomy":"category","embeddable":true,"href":"https:\/\/www.grundschule-t-a-h.de\/index.php?rest_route=%2Fwp%2Fv2%2Fcategories&post=9668"},{"taxonomy":"post_tag","embeddable":true,"href":"https:\/\/www.grundschule-t-a-h.de\/index.php?rest_route=%2Fwp%2Fv2%2Ftags&post=9668"}],"curies":[{"name":"wp","href":"https:\/\/api.w.org\/{rel}","templated":true}]}}