{"id":9638,"date":"2025-07-11T12:25:33","date_gmt":"2025-07-11T10:25:33","guid":{"rendered":"https:\/\/www.grundschule-t-a-h.de\/?p=9638"},"modified":"2025-07-11T12:25:33","modified_gmt":"2025-07-11T10:25:33","slug":"die-stadt-brilon-damals-und-heute-der-buergermeister-zu-besuch-in-der-klasse-3b","status":"publish","type":"post","link":"https:\/\/www.grundschule-t-a-h.de\/?p=9638","title":{"rendered":"Die Stadt Brilon damals und heute \u2013 Der B\u00fcrgermeister zu Besuch in der Klasse 3b"},"content":{"rendered":"<p>Im Sachunterricht besch\u00e4ftigt sich die Klasse 3b zurzeit mit dem Thema \u201eBrilon im Mittelalter\u201c. Zu Beginn der Unterrichtsreihe haben die Sch\u00fclerinnen und Sch\u00fcler zun\u00e4chst einen Blick in die eigene Vergangenheit geworfen. Sie erstellten Familienzeitleisten und entdeckten dabei erste Unterschiede in den Generationen.<\/p>\n<p>Anschlie\u00dfend richteten wir den Blick auf unsere mittelalterliche Stadt Brilon. Die Kinder stellten viele spannende Fragen. Schnell entstand daraus die Idee: Wir laden den B\u00fcrgermeister zu uns in die Schule ein. Am 10.07.2025 war es endlich so weit. Herr Dr. Bartsch besuchte uns und nahm sich Zeit, die vielen interessierten Fragen der Kinder zu beantworten.<\/p>\n<p><img loading=\"lazy\" decoding=\"async\" class=\"size-full wp-image-9639 aligncenter\" src=\"https:\/\/www.grundschule-t-a-h.de\/wp-content\/uploads\/2025\/07\/3b-BM25.jpg\" alt=\"\" width=\"600\" height=\"240\" srcset=\"https:\/\/www.grundschule-t-a-h.de\/wp-content\/uploads\/2025\/07\/3b-BM25.jpg 600w, https:\/\/www.grundschule-t-a-h.de\/wp-content\/uploads\/2025\/07\/3b-BM25-250x100.jpg 250w\" sizes=\"auto, (max-width: 600px) 100vw, 600px\" \/><\/p>\n<p><!--more--><\/p>\n<p>Einige Fragen lauteten zum Beispiel:<\/p>\n<ul>\n<li>Wer hat Brilon gegr\u00fcndet?<\/li>\n<li>Woher kommt der Name Brilon?<\/li>\n<li>Gibt es noch Spuren aus dem Mittelalter in Brilon zu sehen?<\/li>\n<li>Wie hat sich die Stadt Brilon entwickelt?<\/li>\n<\/ul>\n<p>Die Klasse 3b h\u00f6rte aufmerksam zu und nahm viele neue Eindr\u00fccke f\u00fcr den weiteren Unterricht mit.<\/p>\n<p>In den kommenden Stunden werden die Sch\u00fclerinnen und Sch\u00fcler einen eigenen Stadtf\u00fchrer zur Stadt Brilon erstellen. Auf der bevorstehenden Klassenfahrt im September werden sie dann selbst eine Stadtf\u00fchrung durchf\u00fchren und \u00fcber ihr gew\u00e4hltes Thema berichten. Im Anschluss werden sie den B\u00fcrgermeister im Rathaus besuchen.<\/p>\n<p><em>geschrieben von L. Harbeke<\/em><\/p>\n","protected":false},"excerpt":{"rendered":"<p>Im Sachunterricht besch\u00e4ftigt sich die Klasse 3b zurzeit mit dem Thema \u201eBrilon im Mittelalter\u201c. Zu Beginn der Unterrichtsreihe haben die Sch\u00fclerinnen und Sch\u00fcler zun\u00e4chst einen Blick in die eigene Vergangenheit geworfen. Sie erstellten Familienzeitleisten und entdeckten dabei erste Unterschiede in &hellip; <a href=\"https:\/\/www.grundschule-t-a-h.de\/?p=9638\">Weiterlesen <span class=\"meta-nav\">&rarr;<\/span><\/a><\/p>\n","protected":false},"author":9,"featured_media":0,"comment_status":"closed","ping_status":"closed","sticky":false,"template":"","format":"standard","meta":{"ngg_post_thumbnail":0,"footnotes":""},"categories":[1,2,5],"tags":[],"class_list":["post-9638","post","type-post","status-publish","format-standard","hentry","category-allgemein","category-hauptmenue","category-hoppecke"],"_links":{"self":[{"href":"https:\/\/www.grundschule-t-a-h.de\/index.php?rest_route=\/wp\/v2\/posts\/9638","targetHints":{"allow":["GET"]}}],"collection":[{"href":"https:\/\/www.grundschule-t-a-h.de\/index.php?rest_route=\/wp\/v2\/posts"}],"about":[{"href":"https:\/\/www.grundschule-t-a-h.de\/index.php?rest_route=\/wp\/v2\/types\/post"}],"author":[{"embeddable":true,"href":"https:\/\/www.grundschule-t-a-h.de\/index.php?rest_route=\/wp\/v2\/users\/9"}],"replies":[{"embeddable":true,"href":"https:\/\/www.grundschule-t-a-h.de\/index.php?rest_route=%2Fwp%2Fv2%2Fcomments&post=9638"}],"version-history":[{"count":1,"href":"https:\/\/www.grundschule-t-a-h.de\/index.php?rest_route=\/wp\/v2\/posts\/9638\/revisions"}],"predecessor-version":[{"id":9640,"href":"https:\/\/www.grundschule-t-a-h.de\/index.php?rest_route=\/wp\/v2\/posts\/9638\/revisions\/9640"}],"wp:attachment":[{"href":"https:\/\/www.grundschule-t-a-h.de\/index.php?rest_route=%2Fwp%2Fv2%2Fmedia&parent=9638"}],"wp:term":[{"taxonomy":"category","embeddable":true,"href":"https:\/\/www.grundschule-t-a-h.de\/index.php?rest_route=%2Fwp%2Fv2%2Fcategories&post=9638"},{"taxonomy":"post_tag","embeddable":true,"href":"https:\/\/www.grundschule-t-a-h.de\/index.php?rest_route=%2Fwp%2Fv2%2Ftags&post=9638"}],"curies":[{"name":"wp","href":"https:\/\/api.w.org\/{rel}","templated":true}]}}