{"id":9631,"date":"2025-07-11T12:26:03","date_gmt":"2025-07-11T10:26:03","guid":{"rendered":"https:\/\/www.grundschule-t-a-h.de\/?p=9631"},"modified":"2025-07-11T14:23:43","modified_gmt":"2025-07-11T12:23:43","slug":"verabschiedung-unserer-ogs-leitung-frau-beck-gross","status":"publish","type":"post","link":"https:\/\/www.grundschule-t-a-h.de\/?p=9631","title":{"rendered":"Verabschiedung unserer OGS-Leitung Frau Beck-Gro\u00df"},"content":{"rendered":"<p><a href=\"https:\/\/www.grundschule-t-a-h.de\/wp-content\/uploads\/2025\/07\/VBG-01.jpg\" rel=\"lightbox[9631]\"><img loading=\"lazy\" decoding=\"async\" class=\"alignright size-medium wp-image-9632\" src=\"https:\/\/www.grundschule-t-a-h.de\/wp-content\/uploads\/2025\/07\/VBG-01-250x191.jpg\" alt=\"\" width=\"250\" height=\"191\" srcset=\"https:\/\/www.grundschule-t-a-h.de\/wp-content\/uploads\/2025\/07\/VBG-01-250x191.jpg 250w, https:\/\/www.grundschule-t-a-h.de\/wp-content\/uploads\/2025\/07\/VBG-01.jpg 600w\" sizes=\"auto, (max-width: 250px) 100vw, 250px\" \/><\/a>Zum Ende des Schuljahres hei\u00dft es Abschied nehmen: Unsere langj\u00e4hrige OGS-Leitung am Standort Th\u00fclen, Frau Beck-Gro\u00df, verabschiedet sich in den wohlverdienten Ruhestand.<\/p>\n<p><!--more-->Mit Frau Beck-Gro\u00df verl\u00e4sst uns eine engagierte, herzliche und verl\u00e4ssliche Kollegin, die \u00fcber viele Jahre hinweg die Offene Ganztagsschule in Th\u00fclen mit viel Leidenschaft, Umsicht und gro\u00dfem Engagement gepr\u00e4gt hat. Bei ihrer Arbeit stand stets das Wohl der Kinder im Mittelpunkt \u2013 mit einem offenen Ohr, kreativen Ideen und einem feinen Gesp\u00fcr f\u00fcr ihre Bed\u00fcrfnisse. Viele Kinder haben dank ihrer Unterst\u00fctzung das Lernen gelernt. Auch f\u00fcr das Kollegium war sie eine gesch\u00e4tzte und vertrauensvolle Partnerin in der p\u00e4dagogischen Arbeit.<\/p>\n<p>Wir bedanken uns herzlich f\u00fcr die vielen sch\u00f6nen und erfolgreichen gemeinsamen Jahre und w\u00fcnschen&nbsp;nur das Beste f\u00fcr den neuen Lebensabschnitt!&nbsp;Du wirst uns fehlen!<\/p>\n<div id='gallery-1' class='gallery galleryid-9631 gallery-columns-3 gallery-size-thumbnail'><dl class='gallery-item'>\n\t\t\t<dt class='gallery-icon landscape'>\n\t\t\t\t<a href='https:\/\/www.grundschule-t-a-h.de\/wp-content\/uploads\/2025\/07\/VBG-02.jpg' rel=\"lightbox[9631]\"><img loading=\"lazy\" decoding=\"async\" width=\"150\" height=\"150\" src=\"https:\/\/www.grundschule-t-a-h.de\/wp-content\/uploads\/2025\/07\/VBG-02-150x150.jpg\" class=\"attachment-thumbnail size-thumbnail\" alt=\"\" \/><\/a>\n\t\t\t<\/dt><\/dl><dl class='gallery-item'>\n\t\t\t<dt class='gallery-icon portrait'>\n\t\t\t\t<a href='https:\/\/www.grundschule-t-a-h.de\/wp-content\/uploads\/2025\/07\/VBG-03-rotated.jpg' rel=\"lightbox[9631]\"><img loading=\"lazy\" decoding=\"async\" width=\"150\" height=\"150\" src=\"https:\/\/www.grundschule-t-a-h.de\/wp-content\/uploads\/2025\/07\/VBG-03-150x150.jpg\" class=\"attachment-thumbnail size-thumbnail\" alt=\"\" \/><\/a>\n\t\t\t<\/dt><\/dl><dl class='gallery-item'>\n\t\t\t<dt class='gallery-icon portrait'>\n\t\t\t\t<a href='https:\/\/www.grundschule-t-a-h.de\/wp-content\/uploads\/2025\/07\/VBG-04.jpg' rel=\"lightbox[9631]\"><img loading=\"lazy\" decoding=\"async\" width=\"150\" height=\"150\" src=\"https:\/\/www.grundschule-t-a-h.de\/wp-content\/uploads\/2025\/07\/VBG-04-150x150.jpg\" class=\"attachment-thumbnail size-thumbnail\" alt=\"\" \/><\/a>\n\t\t\t<\/dt><\/dl><br style=\"clear: both\" \/>\n\t\t<\/div>\n\n","protected":false},"excerpt":{"rendered":"<p>Zum Ende des Schuljahres hei\u00dft es Abschied nehmen: Unsere langj\u00e4hrige OGS-Leitung am Standort Th\u00fclen, Frau Beck-Gro\u00df, verabschiedet sich in den wohlverdienten Ruhestand.<\/p>\n","protected":false},"author":2,"featured_media":0,"comment_status":"closed","ping_status":"closed","sticky":false,"template":"","format":"standard","meta":{"ngg_post_thumbnail":0,"footnotes":""},"categories":[1,2,8],"tags":[],"class_list":["post-9631","post","type-post","status-publish","format-standard","hentry","category-allgemein","category-hauptmenue","category-thuelen"],"_links":{"self":[{"href":"https:\/\/www.grundschule-t-a-h.de\/index.php?rest_route=\/wp\/v2\/posts\/9631","targetHints":{"allow":["GET"]}}],"collection":[{"href":"https:\/\/www.grundschule-t-a-h.de\/index.php?rest_route=\/wp\/v2\/posts"}],"about":[{"href":"https:\/\/www.grundschule-t-a-h.de\/index.php?rest_route=\/wp\/v2\/types\/post"}],"author":[{"embeddable":true,"href":"https:\/\/www.grundschule-t-a-h.de\/index.php?rest_route=\/wp\/v2\/users\/2"}],"replies":[{"embeddable":true,"href":"https:\/\/www.grundschule-t-a-h.de\/index.php?rest_route=%2Fwp%2Fv2%2Fcomments&post=9631"}],"version-history":[{"count":3,"href":"https:\/\/www.grundschule-t-a-h.de\/index.php?rest_route=\/wp\/v2\/posts\/9631\/revisions"}],"predecessor-version":[{"id":9644,"href":"https:\/\/www.grundschule-t-a-h.de\/index.php?rest_route=\/wp\/v2\/posts\/9631\/revisions\/9644"}],"wp:attachment":[{"href":"https:\/\/www.grundschule-t-a-h.de\/index.php?rest_route=%2Fwp%2Fv2%2Fmedia&parent=9631"}],"wp:term":[{"taxonomy":"category","embeddable":true,"href":"https:\/\/www.grundschule-t-a-h.de\/index.php?rest_route=%2Fwp%2Fv2%2Fcategories&post=9631"},{"taxonomy":"post_tag","embeddable":true,"href":"https:\/\/www.grundschule-t-a-h.de\/index.php?rest_route=%2Fwp%2Fv2%2Ftags&post=9631"}],"curies":[{"name":"wp","href":"https:\/\/api.w.org\/{rel}","templated":true}]}}