{"id":9613,"date":"2025-07-10T19:34:14","date_gmt":"2025-07-10T17:34:14","guid":{"rendered":"https:\/\/www.grundschule-t-a-h.de\/?p=9613"},"modified":"2025-07-10T19:37:26","modified_gmt":"2025-07-10T17:37:26","slug":"unsere-schule-beim-schwimm-finale-der-nordrhein-westfalen-youngstars","status":"publish","type":"post","link":"https:\/\/www.grundschule-t-a-h.de\/?p=9613","title":{"rendered":"Unsere Schule beim Schwimm-Finale der Nordrhein-Westfalen YoungStars!"},"content":{"rendered":"<p><a href=\"https:\/\/www.grundschule-t-a-h.de\/wp-content\/uploads\/2025\/07\/NWYSt-0022.jpg\" rel=\"lightbox[9613]\"><img loading=\"lazy\" decoding=\"async\" class=\"alignright wp-image-9616\" src=\"https:\/\/www.grundschule-t-a-h.de\/wp-content\/uploads\/2025\/07\/NWYSt-0022-250x188.jpg\" alt=\"\" width=\"200\" height=\"150\" srcset=\"https:\/\/www.grundschule-t-a-h.de\/wp-content\/uploads\/2025\/07\/NWYSt-0022-250x188.jpg 250w, https:\/\/www.grundschule-t-a-h.de\/wp-content\/uploads\/2025\/07\/NWYSt-0022-160x120.jpg 160w, https:\/\/www.grundschule-t-a-h.de\/wp-content\/uploads\/2025\/07\/NWYSt-0022.jpg 600w\" sizes=\"auto, (max-width: 200px) 100vw, 200px\" \/><\/a>Zum allerersten Mal hat sich unsere Schule f\u00fcr das Schwimm-Finale der <a href=\"https:\/\/www.bra.nrw.de\/bildung-schule\/unterricht\/schulsport-im-regierungsbezirk-arnsberg\/nordrhein-westfalen-youngstars\" target=\"_blank\" rel=\"noopener\">Nordrhein-Westfalen YoungStars<\/a> qualifiziert. Was f\u00fcr ein riesiger Erfolg und echtes Highlight f\u00fcr unsere Schule, zumal das Turnier im nahen Brilon stattfand.<\/p>\n<p>Nur die jeweiligen Kreissieger aus dem gesamten Regierungsbezirk Arnsberg schafften es in dieses Finale und dieses Jahr geh\u00f6rten wir als Kreismeister des Hochsauerlandkreises dazu. Somit gingen wir als Lokalmatadoren in unserer Heimatstadt an den Start, was auch in der Ansprache von B\u00fcrgermeister Dr. Bartsch gro\u00dfe Anerkennung fand.<\/p>\n<p><!--more--><\/p>\n<p>Frau Westrup war als begleitende Lehrerin nicht nur die sportliche Leitung, sondern sorgte f\u00fcr die n\u00f6tige positive Energie und Unterst\u00fctzung. Schlie\u00dflich mussten sich unsere Sch\u00fclerinnen und Sch\u00fcler mit sehr starker Konkurrenz messen. Viele der anderen Teams waren mit erfahrenen Vereinsschwimmerinnen und -schwimmern besetzt. Umso beeindruckender war es, dass unser Team mit Freude und Teamgeist das Beste aus sich herausholte.<\/p>\n<p>Nach dem spannenden Wettkampf fand eine feierliche Siegerehrung in der Turnhalle statt. Dort wurde nicht nur jede Mannschaft gew\u00fcrdigt, sondern es gab neben Medaillen auch ein tolles Rahmenprogramm und Sieger-Shirts f\u00fcr alle Kinder. Wir sind m\u00e4chtig stolz auf unser Schwimm-Team und sagen: Herzlichen Gl\u00fcckwunsch!<\/p>\n<div id='gallery-1' class='gallery galleryid-9613 gallery-columns-5 gallery-size-thumbnail'><dl class='gallery-item'>\n\t\t\t<dt class='gallery-icon landscape'>\n\t\t\t\t<a href='https:\/\/www.grundschule-t-a-h.de\/wp-content\/uploads\/2025\/07\/NWYSt-0001.jpg' rel=\"lightbox[9613]\"><img loading=\"lazy\" decoding=\"async\" width=\"150\" height=\"150\" src=\"https:\/\/www.grundschule-t-a-h.de\/wp-content\/uploads\/2025\/07\/NWYSt-0001-150x150.jpg\" class=\"attachment-thumbnail size-thumbnail\" alt=\"\" \/><\/a>\n\t\t\t<\/dt><\/dl><dl class='gallery-item'>\n\t\t\t<dt class='gallery-icon landscape'>\n\t\t\t\t<a href='https:\/\/www.grundschule-t-a-h.de\/wp-content\/uploads\/2025\/07\/NWYSt-0002.jpg' rel=\"lightbox[9613]\"><img loading=\"lazy\" decoding=\"async\" width=\"150\" height=\"150\" src=\"https:\/\/www.grundschule-t-a-h.de\/wp-content\/uploads\/2025\/07\/NWYSt-0002-150x150.jpg\" class=\"attachment-thumbnail size-thumbnail\" alt=\"\" \/><\/a>\n\t\t\t<\/dt><\/dl><dl class='gallery-item'>\n\t\t\t<dt class='gallery-icon portrait'>\n\t\t\t\t<a href='https:\/\/www.grundschule-t-a-h.de\/wp-content\/uploads\/2025\/07\/NWYSt-0003-rotated.jpg' rel=\"lightbox[9613]\"><img loading=\"lazy\" decoding=\"async\" width=\"150\" height=\"150\" src=\"https:\/\/www.grundschule-t-a-h.de\/wp-content\/uploads\/2025\/07\/NWYSt-0003-150x150.jpg\" class=\"attachment-thumbnail size-thumbnail\" alt=\"\" \/><\/a>\n\t\t\t<\/dt><\/dl><dl class='gallery-item'>\n\t\t\t<dt class='gallery-icon portrait'>\n\t\t\t\t<a href='https:\/\/www.grundschule-t-a-h.de\/wp-content\/uploads\/2025\/07\/NWYSt-0005-rotated.jpg' rel=\"lightbox[9613]\"><img loading=\"lazy\" decoding=\"async\" width=\"150\" height=\"150\" src=\"https:\/\/www.grundschule-t-a-h.de\/wp-content\/uploads\/2025\/07\/NWYSt-0005-150x150.jpg\" class=\"attachment-thumbnail size-thumbnail\" alt=\"\" \/><\/a>\n\t\t\t<\/dt><\/dl><dl class='gallery-item'>\n\t\t\t<dt class='gallery-icon landscape'>\n\t\t\t\t<a href='https:\/\/www.grundschule-t-a-h.de\/wp-content\/uploads\/2025\/07\/NWYSt-0007.jpg' rel=\"lightbox[9613]\"><img loading=\"lazy\" decoding=\"async\" width=\"150\" height=\"150\" src=\"https:\/\/www.grundschule-t-a-h.de\/wp-content\/uploads\/2025\/07\/NWYSt-0007-150x150.jpg\" class=\"attachment-thumbnail size-thumbnail\" alt=\"\" \/><\/a>\n\t\t\t<\/dt><\/dl><br style=\"clear: both\" \/><dl class='gallery-item'>\n\t\t\t<dt class='gallery-icon portrait'>\n\t\t\t\t<a href='https:\/\/www.grundschule-t-a-h.de\/wp-content\/uploads\/2025\/07\/NWYSt-0008-rotated.jpg' rel=\"lightbox[9613]\"><img loading=\"lazy\" decoding=\"async\" width=\"150\" height=\"150\" src=\"https:\/\/www.grundschule-t-a-h.de\/wp-content\/uploads\/2025\/07\/NWYSt-0008-150x150.jpg\" class=\"attachment-thumbnail size-thumbnail\" alt=\"\" \/><\/a>\n\t\t\t<\/dt><\/dl><dl class='gallery-item'>\n\t\t\t<dt class='gallery-icon portrait'>\n\t\t\t\t<a href='https:\/\/www.grundschule-t-a-h.de\/wp-content\/uploads\/2025\/07\/NWYSt-0009-rotated.jpg' rel=\"lightbox[9613]\"><img loading=\"lazy\" decoding=\"async\" width=\"150\" height=\"150\" src=\"https:\/\/www.grundschule-t-a-h.de\/wp-content\/uploads\/2025\/07\/NWYSt-0009-150x150.jpg\" class=\"attachment-thumbnail size-thumbnail\" alt=\"\" \/><\/a>\n\t\t\t<\/dt><\/dl><dl class='gallery-item'>\n\t\t\t<dt class='gallery-icon portrait'>\n\t\t\t\t<a href='https:\/\/www.grundschule-t-a-h.de\/wp-content\/uploads\/2025\/07\/NWYSt-0011.jpg' rel=\"lightbox[9613]\"><img loading=\"lazy\" decoding=\"async\" width=\"150\" height=\"150\" src=\"https:\/\/www.grundschule-t-a-h.de\/wp-content\/uploads\/2025\/07\/NWYSt-0011-150x150.jpg\" class=\"attachment-thumbnail size-thumbnail\" alt=\"\" \/><\/a>\n\t\t\t<\/dt><\/dl><dl class='gallery-item'>\n\t\t\t<dt class='gallery-icon portrait'>\n\t\t\t\t<a href='https:\/\/www.grundschule-t-a-h.de\/wp-content\/uploads\/2025\/07\/NWYSt-0012.jpg' rel=\"lightbox[9613]\"><img loading=\"lazy\" decoding=\"async\" width=\"150\" height=\"150\" src=\"https:\/\/www.grundschule-t-a-h.de\/wp-content\/uploads\/2025\/07\/NWYSt-0012-150x150.jpg\" class=\"attachment-thumbnail size-thumbnail\" alt=\"\" \/><\/a>\n\t\t\t<\/dt><\/dl><dl class='gallery-item'>\n\t\t\t<dt class='gallery-icon landscape'>\n\t\t\t\t<a href='https:\/\/www.grundschule-t-a-h.de\/wp-content\/uploads\/2025\/07\/NWYSt-0013.jpg' rel=\"lightbox[9613]\"><img loading=\"lazy\" decoding=\"async\" width=\"150\" height=\"150\" src=\"https:\/\/www.grundschule-t-a-h.de\/wp-content\/uploads\/2025\/07\/NWYSt-0013-150x150.jpg\" class=\"attachment-thumbnail size-thumbnail\" alt=\"\" \/><\/a>\n\t\t\t<\/dt><\/dl><br style=\"clear: both\" \/><dl class='gallery-item'>\n\t\t\t<dt class='gallery-icon landscape'>\n\t\t\t\t<a href='https:\/\/www.grundschule-t-a-h.de\/wp-content\/uploads\/2025\/07\/NWYSt-0022.jpg' rel=\"lightbox[9613]\"><img loading=\"lazy\" decoding=\"async\" width=\"150\" height=\"150\" src=\"https:\/\/www.grundschule-t-a-h.de\/wp-content\/uploads\/2025\/07\/NWYSt-0022-150x150.jpg\" class=\"attachment-thumbnail size-thumbnail\" alt=\"\" \/><\/a>\n\t\t\t<\/dt><\/dl><dl class='gallery-item'>\n\t\t\t<dt class='gallery-icon landscape'>\n\t\t\t\t<a href='https:\/\/www.grundschule-t-a-h.de\/wp-content\/uploads\/2025\/07\/NWYSt-0019.jpg' rel=\"lightbox[9613]\"><img loading=\"lazy\" decoding=\"async\" width=\"150\" height=\"150\" src=\"https:\/\/www.grundschule-t-a-h.de\/wp-content\/uploads\/2025\/07\/NWYSt-0019-150x150.jpg\" class=\"attachment-thumbnail size-thumbnail\" alt=\"\" \/><\/a>\n\t\t\t<\/dt><\/dl>\n\t\t\t<br style='clear: both' \/>\n\t\t<\/div>\n\n","protected":false},"excerpt":{"rendered":"<p>Zum allerersten Mal hat sich unsere Schule f\u00fcr das Schwimm-Finale der Nordrhein-Westfalen YoungStars qualifiziert. Was f\u00fcr ein riesiger Erfolg und echtes Highlight f\u00fcr unsere Schule, zumal das Turnier im nahen Brilon stattfand. Nur die jeweiligen Kreissieger aus dem gesamten Regierungsbezirk &hellip; <a href=\"https:\/\/www.grundschule-t-a-h.de\/?p=9613\">Weiterlesen <span class=\"meta-nav\">&rarr;<\/span><\/a><\/p>\n","protected":false},"author":2,"featured_media":0,"comment_status":"closed","ping_status":"closed","sticky":false,"template":"","format":"standard","meta":{"ngg_post_thumbnail":0,"footnotes":""},"categories":[1,4,2,5,8],"tags":[],"class_list":["post-9613","post","type-post","status-publish","format-standard","hentry","category-allgemein","category-alme","category-hauptmenue","category-hoppecke","category-thuelen"],"_links":{"self":[{"href":"https:\/\/www.grundschule-t-a-h.de\/index.php?rest_route=\/wp\/v2\/posts\/9613","targetHints":{"allow":["GET"]}}],"collection":[{"href":"https:\/\/www.grundschule-t-a-h.de\/index.php?rest_route=\/wp\/v2\/posts"}],"about":[{"href":"https:\/\/www.grundschule-t-a-h.de\/index.php?rest_route=\/wp\/v2\/types\/post"}],"author":[{"embeddable":true,"href":"https:\/\/www.grundschule-t-a-h.de\/index.php?rest_route=\/wp\/v2\/users\/2"}],"replies":[{"embeddable":true,"href":"https:\/\/www.grundschule-t-a-h.de\/index.php?rest_route=%2Fwp%2Fv2%2Fcomments&post=9613"}],"version-history":[{"count":5,"href":"https:\/\/www.grundschule-t-a-h.de\/index.php?rest_route=\/wp\/v2\/posts\/9613\/revisions"}],"predecessor-version":[{"id":9641,"href":"https:\/\/www.grundschule-t-a-h.de\/index.php?rest_route=\/wp\/v2\/posts\/9613\/revisions\/9641"}],"wp:attachment":[{"href":"https:\/\/www.grundschule-t-a-h.de\/index.php?rest_route=%2Fwp%2Fv2%2Fmedia&parent=9613"}],"wp:term":[{"taxonomy":"category","embeddable":true,"href":"https:\/\/www.grundschule-t-a-h.de\/index.php?rest_route=%2Fwp%2Fv2%2Fcategories&post=9613"},{"taxonomy":"post_tag","embeddable":true,"href":"https:\/\/www.grundschule-t-a-h.de\/index.php?rest_route=%2Fwp%2Fv2%2Ftags&post=9613"}],"curies":[{"name":"wp","href":"https:\/\/api.w.org\/{rel}","templated":true}]}}