{"id":9601,"date":"2025-06-26T17:35:07","date_gmt":"2025-06-26T15:35:07","guid":{"rendered":"https:\/\/www.grundschule-t-a-h.de\/?p=9601"},"modified":"2025-06-26T17:35:19","modified_gmt":"2025-06-26T15:35:19","slug":"bilanzgespraech-im-schuljahr-2024-25","status":"publish","type":"post","link":"https:\/\/www.grundschule-t-a-h.de\/?p=9601","title":{"rendered":"Bilanzgespr\u00e4ch im Schuljahr 2024\/25"},"content":{"rendered":"<p><a href=\"https:\/\/www.grundschule-t-a-h.de\/wp-content\/uploads\/2025\/06\/Bilanzgesp-rotated.jpg\" rel=\"lightbox[9601]\"><img loading=\"lazy\" decoding=\"async\" class=\"alignright wp-image-9602\" src=\"https:\/\/www.grundschule-t-a-h.de\/wp-content\/uploads\/2025\/06\/Bilanzgesp-rotated.jpg\" alt=\"\" width=\"225\" height=\"300\" srcset=\"https:\/\/www.grundschule-t-a-h.de\/wp-content\/uploads\/2025\/06\/Bilanzgesp-rotated.jpg 450w, https:\/\/www.grundschule-t-a-h.de\/wp-content\/uploads\/2025\/06\/Bilanzgesp-188x250.jpg 188w\" sizes=\"auto, (max-width: 225px) 100vw, 225px\" \/><\/a>Auch in diesem Jahr fand wieder im Rahmen eines \u201eWorld-Caf\u00e9s\u201c unser schulisches Bilanzgespr\u00e4ch statt. Zum Thema \u201eInnerschulische und au\u00dferschulische Beratungs- und Hilfsangebote\u201c stellten verschiedenste Akteure ihre Arbeit und ihr Engagement f\u00fcr unsere Schule vor. Mit dabei waren A. Beuse als Schulsozialarbeiterin, C. Werneke als Sozialp\u00e4dagogische Fachkraft f\u00fcr die Schuleingangsphase, B. Schubert und M. Beck-Gro\u00df als Leitungen der Offenen Ganztagsschulen, Frau Schmelter, Frau Schl\u00fcter und Herr Lahme als Vertreterinnen und Vertreter der beiden F\u00f6rdervereine und Sch\u00fclerinnen und Sch\u00fcler aus den Sch\u00fclerparlamenten. In 3 Runden konnten Lehrerinnen, Eltern und Kinder, die als G\u00e4ste teilnahmen, die Tische wechseln und Neues erfahren, ins Gespr\u00e4ch kommen und W\u00fcnsche und Ideen \u00e4u\u00dfern. Wichtige Ergebnisse wurden schriftlich festgehalten und dienen uns als Anregung f\u00fcr die schulische Weiterarbeit. Besonders beeindruckt waren die Teilnehmerinnen und Teilnehmer von der Arbeit unserer Sch\u00fclerparlamente, die dazu beitr\u00e4gt, dass alle Kinder sich einbringen und mitwirken k\u00f6nnen und sich an unseren drei Standorten wohlf\u00fchlen.<\/p>\n","protected":false},"excerpt":{"rendered":"<p>Auch in diesem Jahr fand wieder im Rahmen eines \u201eWorld-Caf\u00e9s\u201c unser schulisches Bilanzgespr\u00e4ch statt. Zum Thema \u201eInnerschulische und au\u00dferschulische Beratungs- und Hilfsangebote\u201c stellten verschiedenste Akteure ihre Arbeit und ihr Engagement f\u00fcr unsere Schule vor. Mit dabei waren A. Beuse als &hellip; <a href=\"https:\/\/www.grundschule-t-a-h.de\/?p=9601\">Weiterlesen <span class=\"meta-nav\">&rarr;<\/span><\/a><\/p>\n","protected":false},"author":29,"featured_media":0,"comment_status":"closed","ping_status":"closed","sticky":false,"template":"","format":"standard","meta":{"ngg_post_thumbnail":0,"footnotes":""},"categories":[1,4,2,5,8],"tags":[],"class_list":["post-9601","post","type-post","status-publish","format-standard","hentry","category-allgemein","category-alme","category-hauptmenue","category-hoppecke","category-thuelen"],"_links":{"self":[{"href":"https:\/\/www.grundschule-t-a-h.de\/index.php?rest_route=\/wp\/v2\/posts\/9601","targetHints":{"allow":["GET"]}}],"collection":[{"href":"https:\/\/www.grundschule-t-a-h.de\/index.php?rest_route=\/wp\/v2\/posts"}],"about":[{"href":"https:\/\/www.grundschule-t-a-h.de\/index.php?rest_route=\/wp\/v2\/types\/post"}],"author":[{"embeddable":true,"href":"https:\/\/www.grundschule-t-a-h.de\/index.php?rest_route=\/wp\/v2\/users\/29"}],"replies":[{"embeddable":true,"href":"https:\/\/www.grundschule-t-a-h.de\/index.php?rest_route=%2Fwp%2Fv2%2Fcomments&post=9601"}],"version-history":[{"count":2,"href":"https:\/\/www.grundschule-t-a-h.de\/index.php?rest_route=\/wp\/v2\/posts\/9601\/revisions"}],"predecessor-version":[{"id":9604,"href":"https:\/\/www.grundschule-t-a-h.de\/index.php?rest_route=\/wp\/v2\/posts\/9601\/revisions\/9604"}],"wp:attachment":[{"href":"https:\/\/www.grundschule-t-a-h.de\/index.php?rest_route=%2Fwp%2Fv2%2Fmedia&parent=9601"}],"wp:term":[{"taxonomy":"category","embeddable":true,"href":"https:\/\/www.grundschule-t-a-h.de\/index.php?rest_route=%2Fwp%2Fv2%2Fcategories&post=9601"},{"taxonomy":"post_tag","embeddable":true,"href":"https:\/\/www.grundschule-t-a-h.de\/index.php?rest_route=%2Fwp%2Fv2%2Ftags&post=9601"}],"curies":[{"name":"wp","href":"https:\/\/api.w.org\/{rel}","templated":true}]}}