{"id":9403,"date":"2025-04-10T17:54:08","date_gmt":"2025-04-10T15:54:08","guid":{"rendered":"https:\/\/www.grundschule-t-a-h.de\/?p=9403"},"modified":"2025-04-11T21:51:15","modified_gmt":"2025-04-11T19:51:15","slug":"projekttage-reise-um-die-welt-tag-2","status":"publish","type":"post","link":"https:\/\/www.grundschule-t-a-h.de\/?p=9403","title":{"rendered":"Projekttage: Reise um die Welt (Tag 2)"},"content":{"rendered":"<p>Nach einem gelungenen ersten Projekttag durften die Sch\u00fclerinnen und Sch\u00fcler heute ein weiteres Projekt kennenlernen. Die Kinder brachten ihre Begeisterung folgenderma\u00dfen zum Ausdruck:<\/p>\n<div id='gallery-1' class='gallery galleryid-9403 gallery-columns-5 gallery-size-thumbnail'><dl class='gallery-item'>\n\t\t\t<dt class='gallery-icon portrait'>\n\t\t\t\t<a href='https:\/\/www.grundschule-t-a-h.de\/wp-content\/uploads\/2025\/04\/PT-0012-rotated.jpg' rel=\"lightbox[9403]\"><img loading=\"lazy\" decoding=\"async\" width=\"150\" height=\"150\" src=\"https:\/\/www.grundschule-t-a-h.de\/wp-content\/uploads\/2025\/04\/PT-0012-150x150.jpg\" class=\"attachment-thumbnail size-thumbnail\" alt=\"\" aria-describedby=\"gallery-1-9474\" \/><\/a>\n\t\t\t<\/dt>\n\t\t\t\t<dd class='wp-caption-text gallery-caption' id='gallery-1-9474'>\n\t\t\t\tJonah (1): \u201eIch mag London, weil da der gro\u00dfe Big Ben steht.\u201c   \n\t\t\t\t<\/dd><\/dl><dl class='gallery-item'>\n\t\t\t<dt class='gallery-icon portrait'>\n\t\t\t\t<a href='https:\/\/www.grundschule-t-a-h.de\/wp-content\/uploads\/2025\/04\/PT-0014-rotated.jpg' rel=\"lightbox[9403]\"><img loading=\"lazy\" decoding=\"async\" width=\"150\" height=\"150\" src=\"https:\/\/www.grundschule-t-a-h.de\/wp-content\/uploads\/2025\/04\/PT-0014-150x150.jpg\" class=\"attachment-thumbnail size-thumbnail\" alt=\"\" aria-describedby=\"gallery-1-9470\" \/><\/a>\n\t\t\t<\/dt>\n\t\t\t\t<dd class='wp-caption-text gallery-caption' id='gallery-1-9470'>\n\t\t\t\tMilad (2): \u201eIch habe eine Flagge von Gro\u00dfbritannien gebastelt. Das hat am meisten Spa\u00df gemacht.\u201c  \n\t\t\t\t<\/dd><\/dl><dl class='gallery-item'>\n\t\t\t<dt class='gallery-icon portrait'>\n\t\t\t\t<a href='https:\/\/www.grundschule-t-a-h.de\/wp-content\/uploads\/2025\/04\/PT-0016-rotated.jpg' rel=\"lightbox[9403]\"><img loading=\"lazy\" decoding=\"async\" width=\"150\" height=\"150\" src=\"https:\/\/www.grundschule-t-a-h.de\/wp-content\/uploads\/2025\/04\/PT-0016-150x150.jpg\" class=\"attachment-thumbnail size-thumbnail\" alt=\"\" aria-describedby=\"gallery-1-9472\" \/><\/a>\n\t\t\t<\/dt>\n\t\t\t\t<dd class='wp-caption-text gallery-caption' id='gallery-1-9472'>\n\t\t\t\tMonika &#038; Leon (2): \u201eUns gef\u00e4llt das Spiel \u201eMauseloch\u201c aus Frankreich, weil man da so viele Punkte sammeln kann.\u201c     \n\t\t\t\t<\/dd><\/dl><dl class='gallery-item'>\n\t\t\t<dt class='gallery-icon portrait'>\n\t\t\t\t<a href='https:\/\/www.grundschule-t-a-h.de\/wp-content\/uploads\/2025\/04\/PT-0015-rotated.jpg' rel=\"lightbox[9403]\"><img loading=\"lazy\" decoding=\"async\" width=\"150\" height=\"150\" src=\"https:\/\/www.grundschule-t-a-h.de\/wp-content\/uploads\/2025\/04\/PT-0015-150x150.jpg\" class=\"attachment-thumbnail size-thumbnail\" alt=\"\" aria-describedby=\"gallery-1-9477\" \/><\/a>\n\t\t\t<\/dt>\n\t\t\t\t<dd class='wp-caption-text gallery-caption' id='gallery-1-9477'>\n\t\t\t\tLene (1): \u201eMir hat es in Italien am besten gefallen. Da waren die Essenssachen lecker.\u201c   \n\t\t\t\t<\/dd><\/dl><dl class='gallery-item'>\n\t\t\t<dt class='gallery-icon portrait'>\n\t\t\t\t<a href='https:\/\/www.grundschule-t-a-h.de\/wp-content\/uploads\/2025\/04\/PT-0017-rotated.jpg' rel=\"lightbox[9403]\"><img loading=\"lazy\" decoding=\"async\" width=\"150\" height=\"150\" src=\"https:\/\/www.grundschule-t-a-h.de\/wp-content\/uploads\/2025\/04\/PT-0017-150x150.jpg\" class=\"attachment-thumbnail size-thumbnail\" alt=\"\" aria-describedby=\"gallery-1-9479\" \/><\/a>\n\t\t\t<\/dt>\n\t\t\t\t<dd class='wp-caption-text gallery-caption' id='gallery-1-9479'>\n\t\t\t\tMila (2): \u201eGib mir den Ball\u201c, aus S\u00fcdafrika macht besonders viel Spa\u00df.\u201c \n\t\t\t\t<\/dd><\/dl><br style=\"clear: both\" \/><dl class='gallery-item'>\n\t\t\t<dt class='gallery-icon portrait'>\n\t\t\t\t<a href='https:\/\/www.grundschule-t-a-h.de\/wp-content\/uploads\/2025\/04\/PT-0018-rotated.jpg' rel=\"lightbox[9403]\"><img loading=\"lazy\" decoding=\"async\" width=\"150\" height=\"150\" src=\"https:\/\/www.grundschule-t-a-h.de\/wp-content\/uploads\/2025\/04\/PT-0018-150x150.jpg\" class=\"attachment-thumbnail size-thumbnail\" alt=\"\" aria-describedby=\"gallery-1-9480\" \/><\/a>\n\t\t\t<\/dt>\n\t\t\t\t<dd class='wp-caption-text gallery-caption' id='gallery-1-9480'>\n\t\t\t\tLucia (3): \u201eWir haben Tiere im Regenwald gebastelt\n\t\t\t\t<\/dd><\/dl><dl class='gallery-item'>\n\t\t\t<dt class='gallery-icon portrait'>\n\t\t\t\t<a href='https:\/\/www.grundschule-t-a-h.de\/wp-content\/uploads\/2025\/04\/PT-0019-rotated.jpg' rel=\"lightbox[9403]\"><img loading=\"lazy\" decoding=\"async\" width=\"150\" height=\"150\" src=\"https:\/\/www.grundschule-t-a-h.de\/wp-content\/uploads\/2025\/04\/PT-0019-150x150.jpg\" class=\"attachment-thumbnail size-thumbnail\" alt=\"\" aria-describedby=\"gallery-1-9481\" \/><\/a>\n\t\t\t<\/dt>\n\t\t\t\t<dd class='wp-caption-text gallery-caption' id='gallery-1-9481'>\n\t\t\t\tJoshua (4): \u201eWir gestalten einen gro\u00dfen Regenwald. Gemeinsam mit mehreren Kindern macht das Malen Spa\u00df.\u201c \n\t\t\t\t<\/dd><\/dl><dl class='gallery-item'>\n\t\t\t<dt class='gallery-icon portrait'>\n\t\t\t\t<a href='https:\/\/www.grundschule-t-a-h.de\/wp-content\/uploads\/2025\/04\/PT-0020-rotated.jpg' rel=\"lightbox[9403]\"><img loading=\"lazy\" decoding=\"async\" width=\"150\" height=\"150\" src=\"https:\/\/www.grundschule-t-a-h.de\/wp-content\/uploads\/2025\/04\/PT-0020-150x150.jpg\" class=\"attachment-thumbnail size-thumbnail\" alt=\"\" aria-describedby=\"gallery-1-9482\" \/><\/a>\n\t\t\t<\/dt>\n\t\t\t\t<dd class='wp-caption-text gallery-caption' id='gallery-1-9482'>\n\t\t\t\tAnna &#038; Lea (3): \u201eAm sch\u00f6nsten war es, etwas \u00fcber eine andere Schule in einem anderen Land zu erfahren. Es war toll, mit meiner Partnerin zusammen zu arbeiten.\u201c   \n\t\t\t\t<\/dd><\/dl><dl class='gallery-item'>\n\t\t\t<dt class='gallery-icon portrait'>\n\t\t\t\t<a href='https:\/\/www.grundschule-t-a-h.de\/wp-content\/uploads\/2025\/04\/PT-0021-rotated.jpg' rel=\"lightbox[9403]\"><img loading=\"lazy\" decoding=\"async\" width=\"150\" height=\"150\" src=\"https:\/\/www.grundschule-t-a-h.de\/wp-content\/uploads\/2025\/04\/PT-0021-150x150.jpg\" class=\"attachment-thumbnail size-thumbnail\" alt=\"\" aria-describedby=\"gallery-1-9483\" \/><\/a>\n\t\t\t<\/dt>\n\t\t\t\t<dd class='wp-caption-text gallery-caption' id='gallery-1-9483'>\n\t\t\t\tKlara &#038; Anna (4): \u201eEs war cool, dass wir selbst aussuchen konnten, \u00fcber welches Land wir uns informieren. Wir hatten Mexico. Das Arbeiten am Tablet war toll.\u201c     \n\t\t\t\t<\/dd><\/dl><dl class='gallery-item'>\n\t\t\t<dt class='gallery-icon portrait'>\n\t\t\t\t<a href='https:\/\/www.grundschule-t-a-h.de\/wp-content\/uploads\/2025\/04\/PT-0013-rotated.jpg' rel=\"lightbox[9403]\"><img loading=\"lazy\" decoding=\"async\" width=\"150\" height=\"150\" src=\"https:\/\/www.grundschule-t-a-h.de\/wp-content\/uploads\/2025\/04\/PT-0013-150x150.jpg\" class=\"attachment-thumbnail size-thumbnail\" alt=\"\" aria-describedby=\"gallery-1-9475\" \/><\/a>\n\t\t\t<\/dt>\n\t\t\t\t<dd class='wp-caption-text gallery-caption' id='gallery-1-9475'>\n\t\t\t\tMadita &#038; Alina (3): \u201eWir lieben es, etwas selbst zu gestalten.\u201c      \n\t\t\t\t<\/dd><\/dl><br style=\"clear: both\" \/>\n\t\t<\/div>\n\n<p style=\"text-align: center;\"><a href=\"https:\/\/www.grundschule-t-a-h.de\/wp-content\/uploads\/2025\/04\/Meinungsbilder-Reise-um-die-Welt-1.jpg\" rel=\"lightbox[9403]\"><img loading=\"lazy\" decoding=\"async\" class=\"alignnone wp-image-9501\" src=\"https:\/\/www.grundschule-t-a-h.de\/wp-content\/uploads\/2025\/04\/Meinungsbilder-Reise-um-die-Welt-1.jpg\" alt=\"\" width=\"260\" height=\"162\" srcset=\"https:\/\/www.grundschule-t-a-h.de\/wp-content\/uploads\/2025\/04\/Meinungsbilder-Reise-um-die-Welt-1.jpg 600w, https:\/\/www.grundschule-t-a-h.de\/wp-content\/uploads\/2025\/04\/Meinungsbilder-Reise-um-die-Welt-1-250x156.jpg 250w\" sizes=\"auto, (max-width: 260px) 100vw, 260px\" \/><\/a> &nbsp; &nbsp;&nbsp; <a href=\"https:\/\/www.grundschule-t-a-h.de\/wp-content\/uploads\/2025\/04\/Meinungsbilder-Reise-um-die-Welt-2.jpg\" rel=\"lightbox[9403]\"><img loading=\"lazy\" decoding=\"async\" class=\"alignnone wp-image-9502\" src=\"https:\/\/www.grundschule-t-a-h.de\/wp-content\/uploads\/2025\/04\/Meinungsbilder-Reise-um-die-Welt-2.jpg\" alt=\"\" width=\"260\" height=\"158\" srcset=\"https:\/\/www.grundschule-t-a-h.de\/wp-content\/uploads\/2025\/04\/Meinungsbilder-Reise-um-die-Welt-2.jpg 600w, https:\/\/www.grundschule-t-a-h.de\/wp-content\/uploads\/2025\/04\/Meinungsbilder-Reise-um-die-Welt-2-250x152.jpg 250w\" sizes=\"auto, (max-width: 260px) 100vw, 260px\" \/><\/a> &nbsp; &nbsp; <a href=\"https:\/\/www.grundschule-t-a-h.de\/wp-content\/uploads\/2025\/04\/PT025.png\" rel=\"lightbox[9403]\"><img loading=\"lazy\" decoding=\"async\" class=\"alignnone wp-image-9516\" src=\"https:\/\/www.grundschule-t-a-h.de\/wp-content\/uploads\/2025\/04\/PT025.png\" alt=\"\" width=\"260\" height=\"166\" srcset=\"https:\/\/www.grundschule-t-a-h.de\/wp-content\/uploads\/2025\/04\/PT025.png 600w, https:\/\/www.grundschule-t-a-h.de\/wp-content\/uploads\/2025\/04\/PT025-250x160.png 250w\" sizes=\"auto, (max-width: 260px) 100vw, 260px\" \/><\/a><\/p>\n<p>Noch mehr Fotos&#8230;<\/p>\n<p><!--more--><\/p>\n<div id='gallery-2' class='gallery galleryid-9403 gallery-columns-5 gallery-size-thumbnail'><dl class='gallery-item'>\n\t\t\t<dt class='gallery-icon portrait'>\n\t\t\t\t<a href='https:\/\/www.grundschule-t-a-h.de\/wp-content\/uploads\/2025\/04\/PT07-1.jpg' rel=\"lightbox[9403]\"><img loading=\"lazy\" decoding=\"async\" width=\"150\" height=\"150\" src=\"https:\/\/www.grundschule-t-a-h.de\/wp-content\/uploads\/2025\/04\/PT07-1-150x150.jpg\" class=\"attachment-thumbnail size-thumbnail\" alt=\"\" \/><\/a>\n\t\t\t<\/dt><\/dl><dl class='gallery-item'>\n\t\t\t<dt class='gallery-icon landscape'>\n\t\t\t\t<a href='https:\/\/www.grundschule-t-a-h.de\/wp-content\/uploads\/2025\/04\/PT10-1.jpg' rel=\"lightbox[9403]\"><img loading=\"lazy\" decoding=\"async\" width=\"150\" height=\"150\" src=\"https:\/\/www.grundschule-t-a-h.de\/wp-content\/uploads\/2025\/04\/PT10-1-150x150.jpg\" class=\"attachment-thumbnail size-thumbnail\" alt=\"\" \/><\/a>\n\t\t\t<\/dt><\/dl><dl class='gallery-item'>\n\t\t\t<dt class='gallery-icon portrait'>\n\t\t\t\t<a href='https:\/\/www.grundschule-t-a-h.de\/wp-content\/uploads\/2025\/04\/PT11-1-rotated.jpg' rel=\"lightbox[9403]\"><img loading=\"lazy\" decoding=\"async\" width=\"150\" height=\"150\" src=\"https:\/\/www.grundschule-t-a-h.de\/wp-content\/uploads\/2025\/04\/PT11-1-150x150.jpg\" class=\"attachment-thumbnail size-thumbnail\" alt=\"\" \/><\/a>\n\t\t\t<\/dt><\/dl><dl class='gallery-item'>\n\t\t\t<dt class='gallery-icon landscape'>\n\t\t\t\t<a href='https:\/\/www.grundschule-t-a-h.de\/wp-content\/uploads\/2025\/04\/PT-0022.jpg' rel=\"lightbox[9403]\"><img loading=\"lazy\" decoding=\"async\" width=\"150\" height=\"150\" src=\"https:\/\/www.grundschule-t-a-h.de\/wp-content\/uploads\/2025\/04\/PT-0022-150x150.jpg\" class=\"attachment-thumbnail size-thumbnail\" alt=\"\" \/><\/a>\n\t\t\t<\/dt><\/dl><dl class='gallery-item'>\n\t\t\t<dt class='gallery-icon landscape'>\n\t\t\t\t<a href='https:\/\/www.grundschule-t-a-h.de\/wp-content\/uploads\/2025\/04\/PT05-1.jpg' rel=\"lightbox[9403]\"><img loading=\"lazy\" decoding=\"async\" width=\"150\" height=\"150\" src=\"https:\/\/www.grundschule-t-a-h.de\/wp-content\/uploads\/2025\/04\/PT05-1-150x150.jpg\" class=\"attachment-thumbnail size-thumbnail\" alt=\"\" \/><\/a>\n\t\t\t<\/dt><\/dl><br style=\"clear: both\" \/><dl class='gallery-item'>\n\t\t\t<dt class='gallery-icon landscape'>\n\t\t\t\t<a href='https:\/\/www.grundschule-t-a-h.de\/wp-content\/uploads\/2025\/04\/PT09-1.jpg' rel=\"lightbox[9403]\"><img loading=\"lazy\" decoding=\"async\" width=\"150\" height=\"150\" src=\"https:\/\/www.grundschule-t-a-h.de\/wp-content\/uploads\/2025\/04\/PT09-1-150x150.jpg\" class=\"attachment-thumbnail size-thumbnail\" alt=\"\" \/><\/a>\n\t\t\t<\/dt><\/dl><dl class='gallery-item'>\n\t\t\t<dt class='gallery-icon portrait'>\n\t\t\t\t<a href='https:\/\/www.grundschule-t-a-h.de\/wp-content\/uploads\/2025\/04\/PT04-1-rotated.jpg' rel=\"lightbox[9403]\"><img loading=\"lazy\" decoding=\"async\" width=\"150\" height=\"150\" src=\"https:\/\/www.grundschule-t-a-h.de\/wp-content\/uploads\/2025\/04\/PT04-1-150x150.jpg\" class=\"attachment-thumbnail size-thumbnail\" alt=\"\" \/><\/a>\n\t\t\t<\/dt><\/dl><dl class='gallery-item'>\n\t\t\t<dt class='gallery-icon portrait'>\n\t\t\t\t<a href='https:\/\/www.grundschule-t-a-h.de\/wp-content\/uploads\/2025\/04\/PT03-rotated.jpg' rel=\"lightbox[9403]\"><img loading=\"lazy\" decoding=\"async\" width=\"150\" height=\"150\" src=\"https:\/\/www.grundschule-t-a-h.de\/wp-content\/uploads\/2025\/04\/PT03-150x150.jpg\" class=\"attachment-thumbnail size-thumbnail\" alt=\"\" \/><\/a>\n\t\t\t<\/dt><\/dl><dl class='gallery-item'>\n\t\t\t<dt class='gallery-icon landscape'>\n\t\t\t\t<a href='https:\/\/www.grundschule-t-a-h.de\/wp-content\/uploads\/2025\/04\/PT01.jpg' rel=\"lightbox[9403]\"><img loading=\"lazy\" decoding=\"async\" width=\"150\" height=\"150\" src=\"https:\/\/www.grundschule-t-a-h.de\/wp-content\/uploads\/2025\/04\/PT01-150x150.jpg\" class=\"attachment-thumbnail size-thumbnail\" alt=\"\" \/><\/a>\n\t\t\t<\/dt><\/dl><dl class='gallery-item'>\n\t\t\t<dt class='gallery-icon landscape'>\n\t\t\t\t<a href='https:\/\/www.grundschule-t-a-h.de\/wp-content\/uploads\/2025\/04\/PT02-rotated-e1744300744770.jpg' rel=\"lightbox[9403]\"><img loading=\"lazy\" decoding=\"async\" width=\"150\" height=\"150\" src=\"https:\/\/www.grundschule-t-a-h.de\/wp-content\/uploads\/2025\/04\/PT02-rotated-e1744300744770-150x150.jpg\" class=\"attachment-thumbnail size-thumbnail\" alt=\"\" \/><\/a>\n\t\t\t<\/dt><\/dl><br style=\"clear: both\" \/><dl class='gallery-item'>\n\t\t\t<dt class='gallery-icon landscape'>\n\t\t\t\t<a href='https:\/\/www.grundschule-t-a-h.de\/wp-content\/uploads\/2025\/04\/PT12-1.jpg' rel=\"lightbox[9403]\"><img loading=\"lazy\" decoding=\"async\" width=\"150\" height=\"150\" src=\"https:\/\/www.grundschule-t-a-h.de\/wp-content\/uploads\/2025\/04\/PT12-1-150x150.jpg\" class=\"attachment-thumbnail size-thumbnail\" alt=\"\" \/><\/a>\n\t\t\t<\/dt><\/dl><dl class='gallery-item'>\n\t\t\t<dt class='gallery-icon landscape'>\n\t\t\t\t<a href='https:\/\/www.grundschule-t-a-h.de\/wp-content\/uploads\/2025\/04\/PT13.jpg' rel=\"lightbox[9403]\"><img loading=\"lazy\" decoding=\"async\" width=\"150\" height=\"150\" src=\"https:\/\/www.grundschule-t-a-h.de\/wp-content\/uploads\/2025\/04\/PT13-150x150.jpg\" class=\"attachment-thumbnail size-thumbnail\" alt=\"\" \/><\/a>\n\t\t\t<\/dt><\/dl><dl class='gallery-item'>\n\t\t\t<dt class='gallery-icon portrait'>\n\t\t\t\t<a href='https:\/\/www.grundschule-t-a-h.de\/wp-content\/uploads\/2025\/04\/PT-0024.jpg' rel=\"lightbox[9403]\"><img loading=\"lazy\" decoding=\"async\" width=\"150\" height=\"150\" src=\"https:\/\/www.grundschule-t-a-h.de\/wp-content\/uploads\/2025\/04\/PT-0024-150x150.jpg\" class=\"attachment-thumbnail size-thumbnail\" alt=\"\" \/><\/a>\n\t\t\t<\/dt><\/dl><dl class='gallery-item'>\n\t\t\t<dt class='gallery-icon landscape'>\n\t\t\t\t<a href='https:\/\/www.grundschule-t-a-h.de\/wp-content\/uploads\/2025\/04\/PT06-1.jpg' rel=\"lightbox[9403]\"><img loading=\"lazy\" decoding=\"async\" width=\"150\" height=\"150\" src=\"https:\/\/www.grundschule-t-a-h.de\/wp-content\/uploads\/2025\/04\/PT06-1-150x150.jpg\" class=\"attachment-thumbnail size-thumbnail\" alt=\"\" \/><\/a>\n\t\t\t<\/dt><\/dl>\n\t\t\t<br style='clear: both' \/>\n\t\t<\/div>\n\n","protected":false},"excerpt":{"rendered":"<p>Nach einem gelungenen ersten Projekttag durften die Sch\u00fclerinnen und Sch\u00fcler heute ein weiteres Projekt kennenlernen. Die Kinder brachten ihre Begeisterung folgenderma\u00dfen zum Ausdruck: &nbsp; &nbsp;&nbsp; &nbsp; &nbsp; Noch mehr Fotos&#8230;<\/p>\n","protected":false},"author":2,"featured_media":0,"comment_status":"closed","ping_status":"closed","sticky":false,"template":"","format":"standard","meta":{"ngg_post_thumbnail":0,"footnotes":""},"categories":[1,4,2,5,8],"tags":[],"class_list":["post-9403","post","type-post","status-publish","format-standard","hentry","category-allgemein","category-alme","category-hauptmenue","category-hoppecke","category-thuelen"],"_links":{"self":[{"href":"https:\/\/www.grundschule-t-a-h.de\/index.php?rest_route=\/wp\/v2\/posts\/9403","targetHints":{"allow":["GET"]}}],"collection":[{"href":"https:\/\/www.grundschule-t-a-h.de\/index.php?rest_route=\/wp\/v2\/posts"}],"about":[{"href":"https:\/\/www.grundschule-t-a-h.de\/index.php?rest_route=\/wp\/v2\/types\/post"}],"author":[{"embeddable":true,"href":"https:\/\/www.grundschule-t-a-h.de\/index.php?rest_route=\/wp\/v2\/users\/2"}],"replies":[{"embeddable":true,"href":"https:\/\/www.grundschule-t-a-h.de\/index.php?rest_route=%2Fwp%2Fv2%2Fcomments&post=9403"}],"version-history":[{"count":14,"href":"https:\/\/www.grundschule-t-a-h.de\/index.php?rest_route=\/wp\/v2\/posts\/9403\/revisions"}],"predecessor-version":[{"id":9551,"href":"https:\/\/www.grundschule-t-a-h.de\/index.php?rest_route=\/wp\/v2\/posts\/9403\/revisions\/9551"}],"wp:attachment":[{"href":"https:\/\/www.grundschule-t-a-h.de\/index.php?rest_route=%2Fwp%2Fv2%2Fmedia&parent=9403"}],"wp:term":[{"taxonomy":"category","embeddable":true,"href":"https:\/\/www.grundschule-t-a-h.de\/index.php?rest_route=%2Fwp%2Fv2%2Fcategories&post=9403"},{"taxonomy":"post_tag","embeddable":true,"href":"https:\/\/www.grundschule-t-a-h.de\/index.php?rest_route=%2Fwp%2Fv2%2Ftags&post=9403"}],"curies":[{"name":"wp","href":"https:\/\/api.w.org\/{rel}","templated":true}]}}