{"id":9396,"date":"2025-04-09T08:58:01","date_gmt":"2025-04-09T06:58:01","guid":{"rendered":"https:\/\/www.grundschule-t-a-h.de\/?p=9396"},"modified":"2025-04-09T08:58:41","modified_gmt":"2025-04-09T06:58:41","slug":"den-wald-mit-allen-sinnen-erleben","status":"publish","type":"post","link":"https:\/\/www.grundschule-t-a-h.de\/?p=9396","title":{"rendered":"Den Wald mit allen Sinnen erleben"},"content":{"rendered":"<p><em><a href=\"https:\/\/www.grundschule-t-a-h.de\/wp-content\/uploads\/2025\/04\/Wald-und-Holz.jpg\" rel=\"lightbox[9396]\"><img loading=\"lazy\" decoding=\"async\" class=\"alignright size-medium wp-image-9398\" src=\"https:\/\/www.grundschule-t-a-h.de\/wp-content\/uploads\/2025\/04\/Wald-und-Holz-250x227.jpg\" alt=\"\" width=\"250\" height=\"227\" srcset=\"https:\/\/www.grundschule-t-a-h.de\/wp-content\/uploads\/2025\/04\/Wald-und-Holz-250x227.jpg 250w, https:\/\/www.grundschule-t-a-h.de\/wp-content\/uploads\/2025\/04\/Wald-und-Holz.jpg 596w\" sizes=\"auto, (max-width: 250px) 100vw, 250px\" \/><\/a>Kooperation des Grundschulverbundes Th\u00fclen-Alme-Hoppecke mit Wald und Holz NRW<\/em><\/p>\n<p>Im Rahmen der Sachunterrichtsfachkonferenz trafen sich die Fachlehrerinnen und -lehrer des Grundschulverbundes Th\u00fclen-Alme-Hoppecke mit dem Leiter des Regionalforstamtes Soest-Sauerland E. R\u00fcther und dem Ranger und Waldp\u00e4dagogen C. Wietfeld zur Unterzeichnung der Kooperationsvereinbarung zwischen dem Landesbetrieb Wald und Holz NRW und dem Grundschulverbund.<\/p>\n<p><!--more--><\/p>\n<p>Natur-, Umwelt- und Klimaschutz sind dr\u00e4ngende Themen unserer Zeit. Die Bef\u00e4higung der Sch\u00fclerinnen und Sch\u00fcler zur Gestaltung einer lebenswerten Zukunft geh\u00f6ren zum Bildungs- und Erziehungsauftrag von Schulen. In den schuleigenen Arbeitspl\u00e4nen des Grundschulverbundes Th\u00fclen-Alme-Hoppecke wird dies in vielen Bereichen umgesetzt und im gesamten Schulalltag durch zus\u00e4tzliche Projekte (Energiedienst, M\u00fclltrennung, Nutzung von Umweltpapier, Vermeidung von Verpackungen\u2026) aktiv gelebt. Dieses Engagement wurde bereits mehrfach durch eine Auszeichnung als \u201eSchule der Zukunft\u201c durch das Land NRW gew\u00fcrdigt.<\/p>\n<p>Durch die unmittelbare Naturerfahrung an den Waldtagen und das eigenst\u00e4ndige Forschen und Gestalten mit allen Sinnen haben die Sch\u00fclerinnen und Sch\u00fcler nun die M\u00f6glichkeit handlungsrelevantes Wissen zu erwerben und zu vertiefen und werden motiviert und bef\u00e4higt, heute und in Zukunft eigenverantwortlich einen Beitrag zu einer nachhaltigen Entwicklung zu leisten.<\/p>\n<p><em><a href=\"https:\/\/www.grundschule-t-a-h.de\/wp-content\/uploads\/2025\/04\/Wald-und-Holz-2.jpg\" rel=\"lightbox[9396]\"><img loading=\"lazy\" decoding=\"async\" class=\"alignright size-medium wp-image-9397\" src=\"https:\/\/www.grundschule-t-a-h.de\/wp-content\/uploads\/2025\/04\/Wald-und-Holz-2-188x250.jpg\" alt=\"\" width=\"188\" height=\"250\" srcset=\"https:\/\/www.grundschule-t-a-h.de\/wp-content\/uploads\/2025\/04\/Wald-und-Holz-2-188x250.jpg 188w, https:\/\/www.grundschule-t-a-h.de\/wp-content\/uploads\/2025\/04\/Wald-und-Holz-2.jpg 389w\" sizes=\"auto, (max-width: 188px) 100vw, 188px\" \/><\/a><\/em>Zweimal im Schuljahr besucht jede Klasse der 3 Schulstandorte in Th\u00fclen, Alme und Hoppecke einen Schulvormittag lang mit dem Ranger C. Wietfeld ein ausgewiesenes Waldst\u00fcck in Schuln\u00e4he. Diese Waldtage stehen immer unter einem Thema des schuleigenen Arbeitsplans und bauen aufeinander auf. Mit anschaulichen Materialien und mit allen Sinnen k\u00f6nnen die Sch\u00fclerinnen und Sch\u00fcler die Themen ganzheitlich erfahren. Hierbei geht es z.B. um die Tiere und Pflanzen des Waldes, die Stockwerke des Waldes, Walderleben mit allen Sinnen, die \u201egeheime Welt unter unseren F\u00fc\u00dfen\u201c, die Fotosynthese oder die Erkundung mit Karte und Kompass. Im Vorfeld wird die Verzahnung des Waldtages mit dem Arbeitsplan in einer Sachunterrichtsfachkonferenz gemeinsam mit dem Ranger C. Wietfeld geplant, so dass der Unterricht in Vor- und Nachbereitung darauf abgestimmt wird.<\/p>\n<p>Beide Kooperationspartner erhoffen sich durch die Zusammenarbeit, die Kinder nachhaltig f\u00fcr Umwelt- und Klimaschutz zu sensibilisieren und sie handlungsf\u00e4hig f\u00fcr die Zukunft zu machen.<\/p>\n<p>Foto oben:<\/p>\n<p>hinten von links: Ch. Preckel, F. Bork, C. Wietfeld (Ranger)<\/p>\n<p>vorne von links: B. N\u00fcbel, S. Ebel, K. Fischer, L. Eberle, C. Franz (Vorsitzende Fachkonferenz Sachunterricht), E. R\u00fcther (Leiter Regionalforstamt Soest-Sauerland), M. Berlinger (Schulleiterin)<\/p>\n","protected":false},"excerpt":{"rendered":"<p>Kooperation des Grundschulverbundes Th\u00fclen-Alme-Hoppecke mit Wald und Holz NRW Im Rahmen der Sachunterrichtsfachkonferenz trafen sich die Fachlehrerinnen und -lehrer des Grundschulverbundes Th\u00fclen-Alme-Hoppecke mit dem Leiter des Regionalforstamtes Soest-Sauerland E. R\u00fcther und dem Ranger und Waldp\u00e4dagogen C. Wietfeld zur Unterzeichnung der &hellip; <a href=\"https:\/\/www.grundschule-t-a-h.de\/?p=9396\">Weiterlesen <span class=\"meta-nav\">&rarr;<\/span><\/a><\/p>\n","protected":false},"author":8,"featured_media":0,"comment_status":"closed","ping_status":"closed","sticky":false,"template":"","format":"standard","meta":{"ngg_post_thumbnail":0,"footnotes":""},"categories":[1,4,2,5,8],"tags":[],"class_list":["post-9396","post","type-post","status-publish","format-standard","hentry","category-allgemein","category-alme","category-hauptmenue","category-hoppecke","category-thuelen"],"_links":{"self":[{"href":"https:\/\/www.grundschule-t-a-h.de\/index.php?rest_route=\/wp\/v2\/posts\/9396","targetHints":{"allow":["GET"]}}],"collection":[{"href":"https:\/\/www.grundschule-t-a-h.de\/index.php?rest_route=\/wp\/v2\/posts"}],"about":[{"href":"https:\/\/www.grundschule-t-a-h.de\/index.php?rest_route=\/wp\/v2\/types\/post"}],"author":[{"embeddable":true,"href":"https:\/\/www.grundschule-t-a-h.de\/index.php?rest_route=\/wp\/v2\/users\/8"}],"replies":[{"embeddable":true,"href":"https:\/\/www.grundschule-t-a-h.de\/index.php?rest_route=%2Fwp%2Fv2%2Fcomments&post=9396"}],"version-history":[{"count":2,"href":"https:\/\/www.grundschule-t-a-h.de\/index.php?rest_route=\/wp\/v2\/posts\/9396\/revisions"}],"predecessor-version":[{"id":9400,"href":"https:\/\/www.grundschule-t-a-h.de\/index.php?rest_route=\/wp\/v2\/posts\/9396\/revisions\/9400"}],"wp:attachment":[{"href":"https:\/\/www.grundschule-t-a-h.de\/index.php?rest_route=%2Fwp%2Fv2%2Fmedia&parent=9396"}],"wp:term":[{"taxonomy":"category","embeddable":true,"href":"https:\/\/www.grundschule-t-a-h.de\/index.php?rest_route=%2Fwp%2Fv2%2Fcategories&post=9396"},{"taxonomy":"post_tag","embeddable":true,"href":"https:\/\/www.grundschule-t-a-h.de\/index.php?rest_route=%2Fwp%2Fv2%2Ftags&post=9396"}],"curies":[{"name":"wp","href":"https:\/\/api.w.org\/{rel}","templated":true}]}}