{"id":9299,"date":"2024-12-21T18:16:12","date_gmt":"2024-12-21T16:16:12","guid":{"rendered":"https:\/\/www.grundschule-t-a-h.de\/?p=9299"},"modified":"2024-12-21T18:16:12","modified_gmt":"2024-12-21T16:16:12","slug":"foerderverein-der-verbundschule-alme-madfeld-thuelen-sorgt-fuer-festliche-ueberraschung","status":"publish","type":"post","link":"https:\/\/www.grundschule-t-a-h.de\/?p=9299","title":{"rendered":"F\u00f6rderverein der Verbundschule Alme-Madfeld-Th\u00fclen sorgt f\u00fcr festliche \u00dcberraschung"},"content":{"rendered":"<p>Am letzten Schultag vor den Weihnachtsferien durfte sich jedes Kind an den Standorten Alme und Th\u00fclen \u00fcber eine kleine \u00dcberraschung freuen: Der \u201eF\u00f6rderverein Verbundschule Alme-Madfeld-Th\u00fclen&#8220; hatte f\u00fcr alle Sch\u00fclerinnen und Sch\u00fcler liebevoll gestaltete Geschenke vorbereitet. Zudem \u00fcberreichte der Verein eine gro\u00dfz\u00fcgige Spende von 50 \u20ac f\u00fcr jede Klasse der Standorte in Alme und Th\u00fclen, damit die Klassenkassen aufgestockt und wichtige Schulmaterialien angeschafft werden k\u00f6nnen.<\/p>\n<p>Aber nicht nur f\u00fcr die Klassen war der F\u00f6rderverein aktiv. Auch die Pausengestaltung wurde unterst\u00fctzt: Mit Schaufeln, Besen und Haken wurden n\u00fctzliche Ger\u00e4te f\u00fcr die Pausenfl\u00e4chen an beiden Schulen bereitgestellt, damit die Kinder ihre Pausen noch aktiver verbringen k\u00f6nnen.<\/p>\n<div id='gallery-1' class='gallery galleryid-9299 gallery-columns-3 gallery-size-thumbnail'><dl class='gallery-item'>\n\t\t\t<dt class='gallery-icon portrait'>\n\t\t\t\t<a href='https:\/\/www.grundschule-t-a-h.de\/?attachment_id=9301'><img loading=\"lazy\" decoding=\"async\" width=\"150\" height=\"150\" src=\"https:\/\/www.grundschule-t-a-h.de\/wp-content\/uploads\/2024\/12\/FoeV-A-150x150.jpg\" class=\"attachment-thumbnail size-thumbnail\" alt=\"\" aria-describedby=\"gallery-1-9301\" \/><\/a>\n\t\t\t<\/dt>\n\t\t\t\t<dd class='wp-caption-text gallery-caption' id='gallery-1-9301'>\n\t\t\t\tFrau Dufhues (F\u00f6rderverein) in Alme\n\t\t\t\t<\/dd><\/dl><dl class='gallery-item'>\n\t\t\t<dt class='gallery-icon portrait'>\n\t\t\t\t<a href='https:\/\/www.grundschule-t-a-h.de\/?attachment_id=9304'><img loading=\"lazy\" decoding=\"async\" width=\"150\" height=\"150\" src=\"https:\/\/www.grundschule-t-a-h.de\/wp-content\/uploads\/2024\/12\/image3-150x150.jpeg\" class=\"attachment-thumbnail size-thumbnail\" alt=\"\" aria-describedby=\"gallery-1-9304\" \/><\/a>\n\t\t\t<\/dt>\n\t\t\t\t<dd class='wp-caption-text gallery-caption' id='gallery-1-9304'>\n\t\t\t\tHerr Becker (F\u00f6rderverein) in Th\u00fclen\n\t\t\t\t<\/dd><\/dl>\n\t\t\t<br style='clear: both' \/>\n\t\t<\/div>\n\n<p>Der F\u00f6rderverein freut sich immer \u00fcber neue Mitglieder und Anregungen, wie der Schulalltag f\u00fcr die Sch\u00fclerinnen und Sch\u00fcler weiter verbessert werden kann. Eltern und Kinder sind herzlich eingeladen, ihre Ideen einzubringen und sich aktiv zu beteiligen.<br \/>\nAuch \u00fcber Spenden, um die vielen Ideen zur Verbesserung des Schulalltag finanzieren zu k\u00f6nnen, w\u00fcrde sich der F\u00f6rderverein sehr freuen.<\/p>\n<p>Der F\u00f6rderverein w\u00fcnscht allen eine besinnliche Weihnachtszeit und einen guten Start ins neue Jahr.<\/p>\n<p><em>M. Becker (F\u00f6rderverein Verbundschule Alme &#8211; Madfeld &#8211; Th\u00fclen)<\/em><\/p>\n","protected":false},"excerpt":{"rendered":"<p>Am letzten Schultag vor den Weihnachtsferien durfte sich jedes Kind an den Standorten Alme und Th\u00fclen \u00fcber eine kleine \u00dcberraschung freuen: Der \u201eF\u00f6rderverein Verbundschule Alme-Madfeld-Th\u00fclen&#8220; hatte f\u00fcr alle Sch\u00fclerinnen und Sch\u00fcler liebevoll gestaltete Geschenke vorbereitet. Zudem \u00fcberreichte der Verein eine &hellip; <a href=\"https:\/\/www.grundschule-t-a-h.de\/?p=9299\">Weiterlesen <span class=\"meta-nav\">&rarr;<\/span><\/a><\/p>\n","protected":false},"author":9,"featured_media":0,"comment_status":"closed","ping_status":"closed","sticky":false,"template":"","format":"standard","meta":{"ngg_post_thumbnail":0,"footnotes":""},"categories":[1,4,2,8],"tags":[],"class_list":["post-9299","post","type-post","status-publish","format-standard","hentry","category-allgemein","category-alme","category-hauptmenue","category-thuelen"],"_links":{"self":[{"href":"https:\/\/www.grundschule-t-a-h.de\/index.php?rest_route=\/wp\/v2\/posts\/9299","targetHints":{"allow":["GET"]}}],"collection":[{"href":"https:\/\/www.grundschule-t-a-h.de\/index.php?rest_route=\/wp\/v2\/posts"}],"about":[{"href":"https:\/\/www.grundschule-t-a-h.de\/index.php?rest_route=\/wp\/v2\/types\/post"}],"author":[{"embeddable":true,"href":"https:\/\/www.grundschule-t-a-h.de\/index.php?rest_route=\/wp\/v2\/users\/9"}],"replies":[{"embeddable":true,"href":"https:\/\/www.grundschule-t-a-h.de\/index.php?rest_route=%2Fwp%2Fv2%2Fcomments&post=9299"}],"version-history":[{"count":3,"href":"https:\/\/www.grundschule-t-a-h.de\/index.php?rest_route=\/wp\/v2\/posts\/9299\/revisions"}],"predecessor-version":[{"id":9305,"href":"https:\/\/www.grundschule-t-a-h.de\/index.php?rest_route=\/wp\/v2\/posts\/9299\/revisions\/9305"}],"wp:attachment":[{"href":"https:\/\/www.grundschule-t-a-h.de\/index.php?rest_route=%2Fwp%2Fv2%2Fmedia&parent=9299"}],"wp:term":[{"taxonomy":"category","embeddable":true,"href":"https:\/\/www.grundschule-t-a-h.de\/index.php?rest_route=%2Fwp%2Fv2%2Fcategories&post=9299"},{"taxonomy":"post_tag","embeddable":true,"href":"https:\/\/www.grundschule-t-a-h.de\/index.php?rest_route=%2Fwp%2Fv2%2Ftags&post=9299"}],"curies":[{"name":"wp","href":"https:\/\/api.w.org\/{rel}","templated":true}]}}