{"id":9183,"date":"2024-07-02T21:07:54","date_gmt":"2024-07-02T19:07:54","guid":{"rendered":"https:\/\/www.grundschule-t-a-h.de\/?p=9183"},"modified":"2024-07-02T21:16:19","modified_gmt":"2024-07-02T19:16:19","slug":"sportabzeichen-spiel-und-spass-sportfest-2024","status":"publish","type":"post","link":"https:\/\/www.grundschule-t-a-h.de\/?p=9183","title":{"rendered":"\u201eSportabzeichen, Spiel und Spa\u00df&#8220; &#8211; Sportfest 2024"},"content":{"rendered":"<p><a href=\"https:\/\/www.grundschule-t-a-h.de\/wp-content\/uploads\/2024\/07\/SPF00.jpeg\" rel=\"lightbox[9183]\"><img loading=\"lazy\" decoding=\"async\" class=\"alignright size-medium wp-image-9184\" src=\"https:\/\/www.grundschule-t-a-h.de\/wp-content\/uploads\/2024\/07\/SPF00-188x250.jpeg\" alt=\"\" width=\"188\" height=\"250\" srcset=\"https:\/\/www.grundschule-t-a-h.de\/wp-content\/uploads\/2024\/07\/SPF00-188x250.jpeg 188w, https:\/\/www.grundschule-t-a-h.de\/wp-content\/uploads\/2024\/07\/SPF00.jpeg 450w\" sizes=\"auto, (max-width: 188px) 100vw, 188px\" \/><\/a>Lange haben wir daraufhin gefiebert, nun war es am 22. Juni endlich soweit: Alle Sch\u00fclerinnen und Sch\u00fcler unserer drei Standorte kamen zum Sportfest nach Hoppecke. Bei bestem Sportwetter und guter Laune trafen sich 270 Kinder mit ihren Lehrerinnen und \u00fcber 100 Eltern als Helferinnen und Helfer auf dem Sportplatz, um einen sportlich-fr\u00f6hlichen Vormittag unter dem Motto \u201eSportabzeichen, Spiel und Spa\u00df&#8220; miteinander zu erleben.<br \/>\nF\u00fcr die sportlichen Herausforderungen standen f\u00fcnf Stationen bereit, an denen die Kinder die Disziplinen f\u00fcr das Sportabzeichen absolvieren konnten. Stand- und Zonen- Weitsprung, Wurf, Sprint, Seilchenspringen&#8230; jede Station wurde mit Begeisterung und sportlichem Ehrgeiz absolviert. Nach abgeschlossener Auswertung werden die Kinder bald ihre verdienten Sportabzeichen erhalten.<br \/>\nDie F\u00f6rdervereine hatten eine bunte Gem\u00fcse- und Obsttheke vorbereitet, die mit allerlei gesunden Leckereien die M\u00e4dchen und Jungen versorgte. M\u00f6hren, \u00c4pfel, Gurken und andere vitaminreiche Snacks fanden gro\u00dfen Anklang und gaben den n\u00f6tigen Energieschub f\u00fcr die n\u00e4chsten Herausforderungen.<\/p>\n<div id='gallery-1' class='gallery galleryid-9183 gallery-columns-5 gallery-size-thumbnail'><dl class='gallery-item'>\n\t\t\t<dt class='gallery-icon landscape'>\n\t\t\t\t<a href='https:\/\/www.grundschule-t-a-h.de\/wp-content\/uploads\/2024\/07\/SPF01.jpeg' rel=\"lightbox[9183]\"><img loading=\"lazy\" decoding=\"async\" width=\"150\" height=\"150\" src=\"https:\/\/www.grundschule-t-a-h.de\/wp-content\/uploads\/2024\/07\/SPF01-150x150.jpeg\" class=\"attachment-thumbnail size-thumbnail\" alt=\"\" \/><\/a>\n\t\t\t<\/dt><\/dl><dl class='gallery-item'>\n\t\t\t<dt class='gallery-icon portrait'>\n\t\t\t\t<a href='https:\/\/www.grundschule-t-a-h.de\/wp-content\/uploads\/2024\/07\/SPF03.jpeg' rel=\"lightbox[9183]\"><img loading=\"lazy\" decoding=\"async\" width=\"150\" height=\"150\" src=\"https:\/\/www.grundschule-t-a-h.de\/wp-content\/uploads\/2024\/07\/SPF03-150x150.jpeg\" class=\"attachment-thumbnail size-thumbnail\" alt=\"\" \/><\/a>\n\t\t\t<\/dt><\/dl><dl class='gallery-item'>\n\t\t\t<dt class='gallery-icon portrait'>\n\t\t\t\t<a href='https:\/\/www.grundschule-t-a-h.de\/wp-content\/uploads\/2024\/07\/SPF05.jpeg' rel=\"lightbox[9183]\"><img loading=\"lazy\" decoding=\"async\" width=\"150\" height=\"150\" src=\"https:\/\/www.grundschule-t-a-h.de\/wp-content\/uploads\/2024\/07\/SPF05-150x150.jpeg\" class=\"attachment-thumbnail size-thumbnail\" alt=\"\" \/><\/a>\n\t\t\t<\/dt><\/dl><dl class='gallery-item'>\n\t\t\t<dt class='gallery-icon portrait'>\n\t\t\t\t<a href='https:\/\/www.grundschule-t-a-h.de\/wp-content\/uploads\/2024\/07\/SPF07.jpeg' rel=\"lightbox[9183]\"><img loading=\"lazy\" decoding=\"async\" width=\"150\" height=\"150\" src=\"https:\/\/www.grundschule-t-a-h.de\/wp-content\/uploads\/2024\/07\/SPF07-150x150.jpeg\" class=\"attachment-thumbnail size-thumbnail\" alt=\"\" \/><\/a>\n\t\t\t<\/dt><\/dl><dl class='gallery-item'>\n\t\t\t<dt class='gallery-icon portrait'>\n\t\t\t\t<a href='https:\/\/www.grundschule-t-a-h.de\/wp-content\/uploads\/2024\/07\/SPF10.jpeg' rel=\"lightbox[9183]\"><img loading=\"lazy\" decoding=\"async\" width=\"150\" height=\"150\" src=\"https:\/\/www.grundschule-t-a-h.de\/wp-content\/uploads\/2024\/07\/SPF10-150x150.jpeg\" class=\"attachment-thumbnail size-thumbnail\" alt=\"\" \/><\/a>\n\t\t\t<\/dt><\/dl><br style=\"clear: both\" \/>\n\t\t<\/div>\n\n<p><!--more-->Schlie\u00dflich warteten ja auch noch 11 \u201eSpiel- und Spa\u00df &#8211; Stationen&#8220; auf die kleinen Sportlerinnen und Sportler, bei denen sie ihre Geschicklichkeit und ihren Teamgeist unter Beweis stellen sollten. Von Korbball und Bottle-Flip bis Reck-Schleuder und Baumstamm-Battle \u2013 gemeinsam wurde gegen die Zeit gek\u00e4mpft oder Punkte gesammelt. Besonders gut gelang das den Teams \u201eMega-Monster&#8220; (Kl. 1\/2) und \u201eDie coolen Gewinner&#8220; (Kl. 3\/4), die unter gro\u00dfem Jubel bei der Siegerehrung von unserer Schulleiterin Frau G\u00f6tte den verdienten Pokal in Empfang nehmen durften.<br \/>\nDie sportliche Gro\u00dfveranstaltung konnte nur dank der vielen, vielen Helferinnen und Helfer so erfolgreich verlaufen. Vielen Dank daf\u00fcr. Ebenfalls ein Dankesch\u00f6n an den Kreissportbund Hochsauerlandkreis f\u00fcr die finanzielle Unterst\u00fctzung.<\/p>\n<div id='gallery-2' class='gallery galleryid-9183 gallery-columns-5 gallery-size-thumbnail'><dl class='gallery-item'>\n\t\t\t<dt class='gallery-icon portrait'>\n\t\t\t\t<a href='https:\/\/www.grundschule-t-a-h.de\/wp-content\/uploads\/2024\/07\/SPF02.jpeg' rel=\"lightbox[9183]\"><img loading=\"lazy\" decoding=\"async\" width=\"150\" height=\"150\" src=\"https:\/\/www.grundschule-t-a-h.de\/wp-content\/uploads\/2024\/07\/SPF02-150x150.jpeg\" class=\"attachment-thumbnail size-thumbnail\" alt=\"\" \/><\/a>\n\t\t\t<\/dt><\/dl><dl class='gallery-item'>\n\t\t\t<dt class='gallery-icon portrait'>\n\t\t\t\t<a href='https:\/\/www.grundschule-t-a-h.de\/wp-content\/uploads\/2024\/07\/SPF04.jpeg' rel=\"lightbox[9183]\"><img loading=\"lazy\" decoding=\"async\" width=\"150\" height=\"150\" src=\"https:\/\/www.grundschule-t-a-h.de\/wp-content\/uploads\/2024\/07\/SPF04-150x150.jpeg\" class=\"attachment-thumbnail size-thumbnail\" alt=\"\" \/><\/a>\n\t\t\t<\/dt><\/dl><dl class='gallery-item'>\n\t\t\t<dt class='gallery-icon portrait'>\n\t\t\t\t<a href='https:\/\/www.grundschule-t-a-h.de\/wp-content\/uploads\/2024\/07\/SPF06.jpeg' rel=\"lightbox[9183]\"><img loading=\"lazy\" decoding=\"async\" width=\"150\" height=\"150\" src=\"https:\/\/www.grundschule-t-a-h.de\/wp-content\/uploads\/2024\/07\/SPF06-150x150.jpeg\" class=\"attachment-thumbnail size-thumbnail\" alt=\"\" \/><\/a>\n\t\t\t<\/dt><\/dl><dl class='gallery-item'>\n\t\t\t<dt class='gallery-icon portrait'>\n\t\t\t\t<a href='https:\/\/www.grundschule-t-a-h.de\/wp-content\/uploads\/2024\/07\/SPF08.jpeg' rel=\"lightbox[9183]\"><img loading=\"lazy\" decoding=\"async\" width=\"150\" height=\"150\" src=\"https:\/\/www.grundschule-t-a-h.de\/wp-content\/uploads\/2024\/07\/SPF08-150x150.jpeg\" class=\"attachment-thumbnail size-thumbnail\" alt=\"\" \/><\/a>\n\t\t\t<\/dt><\/dl><dl class='gallery-item'>\n\t\t\t<dt class='gallery-icon portrait'>\n\t\t\t\t<a href='https:\/\/www.grundschule-t-a-h.de\/wp-content\/uploads\/2024\/07\/SPF09.jpeg' rel=\"lightbox[9183]\"><img loading=\"lazy\" decoding=\"async\" width=\"150\" height=\"150\" src=\"https:\/\/www.grundschule-t-a-h.de\/wp-content\/uploads\/2024\/07\/SPF09-150x150.jpeg\" class=\"attachment-thumbnail size-thumbnail\" alt=\"\" \/><\/a>\n\t\t\t<\/dt><\/dl><br style=\"clear: both\" \/><dl class='gallery-item'>\n\t\t\t<dt class='gallery-icon landscape'>\n\t\t\t\t<a href='https:\/\/www.grundschule-t-a-h.de\/wp-content\/uploads\/2024\/07\/SPF11.jpeg' rel=\"lightbox[9183]\"><img loading=\"lazy\" decoding=\"async\" width=\"150\" height=\"150\" src=\"https:\/\/www.grundschule-t-a-h.de\/wp-content\/uploads\/2024\/07\/SPF11-150x150.jpeg\" class=\"attachment-thumbnail size-thumbnail\" alt=\"\" \/><\/a>\n\t\t\t<\/dt><\/dl>\n\t\t\t<br style='clear: both' \/>\n\t\t<\/div>\n\n","protected":false},"excerpt":{"rendered":"<p>Lange haben wir daraufhin gefiebert, nun war es am 22. Juni endlich soweit: Alle Sch\u00fclerinnen und Sch\u00fcler unserer drei Standorte kamen zum Sportfest nach Hoppecke. Bei bestem Sportwetter und guter Laune trafen sich 270 Kinder mit ihren Lehrerinnen und \u00fcber &hellip; <a href=\"https:\/\/www.grundschule-t-a-h.de\/?p=9183\">Weiterlesen <span class=\"meta-nav\">&rarr;<\/span><\/a><\/p>\n","protected":false},"author":2,"featured_media":0,"comment_status":"closed","ping_status":"closed","sticky":false,"template":"","format":"standard","meta":{"ngg_post_thumbnail":0,"footnotes":""},"categories":[1,4,2,5,8],"tags":[],"class_list":["post-9183","post","type-post","status-publish","format-standard","hentry","category-allgemein","category-alme","category-hauptmenue","category-hoppecke","category-thuelen"],"_links":{"self":[{"href":"https:\/\/www.grundschule-t-a-h.de\/index.php?rest_route=\/wp\/v2\/posts\/9183","targetHints":{"allow":["GET"]}}],"collection":[{"href":"https:\/\/www.grundschule-t-a-h.de\/index.php?rest_route=\/wp\/v2\/posts"}],"about":[{"href":"https:\/\/www.grundschule-t-a-h.de\/index.php?rest_route=\/wp\/v2\/types\/post"}],"author":[{"embeddable":true,"href":"https:\/\/www.grundschule-t-a-h.de\/index.php?rest_route=\/wp\/v2\/users\/2"}],"replies":[{"embeddable":true,"href":"https:\/\/www.grundschule-t-a-h.de\/index.php?rest_route=%2Fwp%2Fv2%2Fcomments&post=9183"}],"version-history":[{"count":3,"href":"https:\/\/www.grundschule-t-a-h.de\/index.php?rest_route=\/wp\/v2\/posts\/9183\/revisions"}],"predecessor-version":[{"id":9199,"href":"https:\/\/www.grundschule-t-a-h.de\/index.php?rest_route=\/wp\/v2\/posts\/9183\/revisions\/9199"}],"wp:attachment":[{"href":"https:\/\/www.grundschule-t-a-h.de\/index.php?rest_route=%2Fwp%2Fv2%2Fmedia&parent=9183"}],"wp:term":[{"taxonomy":"category","embeddable":true,"href":"https:\/\/www.grundschule-t-a-h.de\/index.php?rest_route=%2Fwp%2Fv2%2Fcategories&post=9183"},{"taxonomy":"post_tag","embeddable":true,"href":"https:\/\/www.grundschule-t-a-h.de\/index.php?rest_route=%2Fwp%2Fv2%2Ftags&post=9183"}],"curies":[{"name":"wp","href":"https:\/\/api.w.org\/{rel}","templated":true}]}}