{"id":9117,"date":"2024-05-17T11:47:04","date_gmt":"2024-05-17T09:47:04","guid":{"rendered":"https:\/\/www.grundschule-t-a-h.de\/?p=9117"},"modified":"2024-05-20T14:51:16","modified_gmt":"2024-05-20T12:51:16","slug":"besuch-der-ausstellungseroeffnung-junge-galerie-in-schmallenberg","status":"publish","type":"post","link":"https:\/\/www.grundschule-t-a-h.de\/?p=9117","title":{"rendered":"Besuch der Ausstellungser\u00f6ffnung \u201eJunge Galerie\u201c in Schmallenberg"},"content":{"rendered":"<p>Ein Tag voller Kunst und Kreativit\u00e4t<\/p>\n<p>Am Freitag, den 3. Mai,machte sich die Klasse 3c auf den Weg nach Schmallenberg. Ziel war die Er\u00f6ffnung der \u201eJungen Galerie\u201c in der Stadthalle &#8211; ein Ereignis, das von den Sch\u00fclern und Sch\u00fclerinnen mit Spannung erwartet wurde. Nach der Er\u00f6ffnung im kleinen Saal der Stadthalle begaben sich die jungen K\u00fcnstlerinnen und K\u00fcnstler voller Vorfreude und Spannung auf den Rundgang durch die Innenstadt, um ihre Werke und die der anderen Teilnehmer in den Schaufenstern zu entdecken und zu bewundern.<\/p>\n<div id='gallery-1' class='gallery galleryid-9117 gallery-columns-5 gallery-size-thumbnail'><dl class='gallery-item'>\n\t\t\t<dt class='gallery-icon landscape'>\n\t\t\t\t<a href='https:\/\/www.grundschule-t-a-h.de\/wp-content\/uploads\/2024\/05\/Ausstellung-01.jpeg' rel=\"lightbox[9117]\"><img loading=\"lazy\" decoding=\"async\" width=\"150\" height=\"150\" src=\"https:\/\/www.grundschule-t-a-h.de\/wp-content\/uploads\/2024\/05\/Ausstellung-01-150x150.jpeg\" class=\"attachment-thumbnail size-thumbnail\" alt=\"\" aria-describedby=\"gallery-1-9122\" \/><\/a>\n\t\t\t<\/dt>\n\t\t\t\t<dd class='wp-caption-text gallery-caption' id='gallery-1-9122'>\n\t\t\t\tKlasse 3c\n\t\t\t\t<\/dd><\/dl><dl class='gallery-item'>\n\t\t\t<dt class='gallery-icon portrait'>\n\t\t\t\t<a href='https:\/\/www.grundschule-t-a-h.de\/wp-content\/uploads\/2024\/05\/Ausstellung-02.jpeg' rel=\"lightbox[9117]\"><img loading=\"lazy\" decoding=\"async\" width=\"150\" height=\"150\" src=\"https:\/\/www.grundschule-t-a-h.de\/wp-content\/uploads\/2024\/05\/Ausstellung-02-150x150.jpeg\" class=\"attachment-thumbnail size-thumbnail\" alt=\"\" \/><\/a>\n\t\t\t<\/dt><\/dl><dl class='gallery-item'>\n\t\t\t<dt class='gallery-icon portrait'>\n\t\t\t\t<a href='https:\/\/www.grundschule-t-a-h.de\/wp-content\/uploads\/2024\/05\/Ausstellung-03.jpeg' rel=\"lightbox[9117]\"><img loading=\"lazy\" decoding=\"async\" width=\"150\" height=\"150\" src=\"https:\/\/www.grundschule-t-a-h.de\/wp-content\/uploads\/2024\/05\/Ausstellung-03-150x150.jpeg\" class=\"attachment-thumbnail size-thumbnail\" alt=\"\" \/><\/a>\n\t\t\t<\/dt><\/dl><dl class='gallery-item'>\n\t\t\t<dt class='gallery-icon portrait'>\n\t\t\t\t<a href='https:\/\/www.grundschule-t-a-h.de\/wp-content\/uploads\/2024\/05\/Ausstellung-04.jpeg' rel=\"lightbox[9117]\"><img loading=\"lazy\" decoding=\"async\" width=\"150\" height=\"150\" src=\"https:\/\/www.grundschule-t-a-h.de\/wp-content\/uploads\/2024\/05\/Ausstellung-04-150x150.jpeg\" class=\"attachment-thumbnail size-thumbnail\" alt=\"\" \/><\/a>\n\t\t\t<\/dt><\/dl><dl class='gallery-item'>\n\t\t\t<dt class='gallery-icon landscape'>\n\t\t\t\t<a href='https:\/\/www.grundschule-t-a-h.de\/wp-content\/uploads\/2024\/05\/Ausstellung-05.jpeg' rel=\"lightbox[9117]\"><img loading=\"lazy\" decoding=\"async\" width=\"150\" height=\"150\" src=\"https:\/\/www.grundschule-t-a-h.de\/wp-content\/uploads\/2024\/05\/Ausstellung-05-150x150.jpeg\" class=\"attachment-thumbnail size-thumbnail\" alt=\"\" \/><\/a>\n\t\t\t<\/dt><\/dl><br style=\"clear: both\" \/>\n\t\t<\/div>\n\n<p>Zuerst entdeckten die 26 Sch\u00fcler und Sch\u00fclerinnen ihren gro\u00dfen Schwarm bunt gewebter Eulen im Schaufenster einer Parf\u00fcmerie. In einer B\u00e4ckerei wurden die beeindruckenden Tierportraits, die von der Klasse 4b unter der Leitung von Frau Fischer aus Eierkartons entstanden waren, pr\u00e4sentiert. Die Werke fanden so eine besondere B\u00fchne und zogen die Aufmerksamkeit vieler Passanten auf sich. Auch die Ergebnisse aller anderen Teilnehmer beeindruckten die Kinder und veranlassten sie zu k\u00fcnstlerischen Gespr\u00e4chen und Interpretationen untereinander.<\/p>\n<p><!--more--><\/p>\n<p>Insgesamt war der Ausflug nach Schmallenberg ein voller Erfolg und ein Tag, der allen in guter Erinnerung bleiben wird. Es war eine wunderbare Gelegenheit f\u00fcr die Sch\u00fcler, ihre kreative Seite zu entfalten und ihre Werke einem breiten Publikum zu pr\u00e4sentieren. Bestaunen kann man diese noch bis zum Ende des <a href=\"https:\/\/www.die-textile-schmallenberg.de\" target=\"_blank\" rel=\"noopener\">Festivals f\u00fcr Textile Kunst<\/a> am 26.05.2024.<\/p>\n<p>Da aufgrund der gro\u00dfen Teilnehmerzahl am Projekt nicht alle Werke in Schmallenberg ausgestellt werden konnten, k\u00f6nnen auch in Brilon Kunstwerke bestaunt werden. So zum Beispiel die Ergebnisse der Klassen 3a, 4c und 1c. Im Rahmen des Kunstunterrichts wurde n\u00e4mlich auch hier kreativ gearbeitet und unter der Leitung von Frau Fischer und Frau Scherzberg entstanden viele weitere beeindruckende Werke. Diese werden von Pfingsten bis zum 25. Mai am \u201eKnotenpunkttag\u201c in Brilon ausgestellt.<\/p>\n","protected":false},"excerpt":{"rendered":"<p>Ein Tag voller Kunst und Kreativit\u00e4t Am Freitag, den 3. Mai,machte sich die Klasse 3c auf den Weg nach Schmallenberg. Ziel war die Er\u00f6ffnung der \u201eJungen Galerie\u201c in der Stadthalle &#8211; ein Ereignis, das von den Sch\u00fclern und Sch\u00fclerinnen mit &hellip; <a href=\"https:\/\/www.grundschule-t-a-h.de\/?p=9117\">Weiterlesen <span class=\"meta-nav\">&rarr;<\/span><\/a><\/p>\n","protected":false},"author":31,"featured_media":0,"comment_status":"closed","ping_status":"closed","sticky":false,"template":"","format":"standard","meta":{"ngg_post_thumbnail":0,"footnotes":""},"categories":[1,4,2,5,8],"tags":[],"class_list":["post-9117","post","type-post","status-publish","format-standard","hentry","category-allgemein","category-alme","category-hauptmenue","category-hoppecke","category-thuelen"],"_links":{"self":[{"href":"https:\/\/www.grundschule-t-a-h.de\/index.php?rest_route=\/wp\/v2\/posts\/9117","targetHints":{"allow":["GET"]}}],"collection":[{"href":"https:\/\/www.grundschule-t-a-h.de\/index.php?rest_route=\/wp\/v2\/posts"}],"about":[{"href":"https:\/\/www.grundschule-t-a-h.de\/index.php?rest_route=\/wp\/v2\/types\/post"}],"author":[{"embeddable":true,"href":"https:\/\/www.grundschule-t-a-h.de\/index.php?rest_route=\/wp\/v2\/users\/31"}],"replies":[{"embeddable":true,"href":"https:\/\/www.grundschule-t-a-h.de\/index.php?rest_route=%2Fwp%2Fv2%2Fcomments&post=9117"}],"version-history":[{"count":9,"href":"https:\/\/www.grundschule-t-a-h.de\/index.php?rest_route=\/wp\/v2\/posts\/9117\/revisions"}],"predecessor-version":[{"id":9139,"href":"https:\/\/www.grundschule-t-a-h.de\/index.php?rest_route=\/wp\/v2\/posts\/9117\/revisions\/9139"}],"wp:attachment":[{"href":"https:\/\/www.grundschule-t-a-h.de\/index.php?rest_route=%2Fwp%2Fv2%2Fmedia&parent=9117"}],"wp:term":[{"taxonomy":"category","embeddable":true,"href":"https:\/\/www.grundschule-t-a-h.de\/index.php?rest_route=%2Fwp%2Fv2%2Fcategories&post=9117"},{"taxonomy":"post_tag","embeddable":true,"href":"https:\/\/www.grundschule-t-a-h.de\/index.php?rest_route=%2Fwp%2Fv2%2Ftags&post=9117"}],"curies":[{"name":"wp","href":"https:\/\/api.w.org\/{rel}","templated":true}]}}