{"id":9055,"date":"2024-03-01T16:23:00","date_gmt":"2024-03-01T14:23:00","guid":{"rendered":"https:\/\/www.grundschule-t-a-h.de\/?p=9055"},"modified":"2024-03-01T16:23:20","modified_gmt":"2024-03-01T14:23:20","slug":"stofftiere-zum-troesten-und-ermutigen","status":"publish","type":"post","link":"https:\/\/www.grundschule-t-a-h.de\/?p=9055","title":{"rendered":"Stofftiere zum Tr\u00f6sten und Ermutigen"},"content":{"rendered":"<div id=\"AppleMailSignature\" dir=\"ltr\">Unsere Schule darf sich \u00fcber sch\u00f6ne Geschenke freuen: Wir erhielten 11 handgefertigten \u201eMuttiere&#8220; von der Tagesgruppe des ambulanten Betreuten Wohnens des Caritasverbands Brilon.<\/div>\n<div id=\"AppleMailSignature\" dir=\"ltr\">Diese kuscheligen Begleiter sind nicht nur niedlich anzusehen, sondern haben auch eine wichtige Bestimmung. Sie sollen an Kinder verteilt werden, die im schulischen Kontext in eine Notsituation geraten sind und ihnen in schweren Momenten Trost und Freude schenken.<\/div>\n<div id=\"AppleMailSignature\" dir=\"ltr\">Die Kinder unserer Schule haben diese Stofftiere gerne stellvertretend in Empfang genommen und haben schon Ideen f\u00fcr m\u00f6gliche Einsatzzwecke gesammelt. Nat\u00fcrlich w\u00fcnschen wir uns, dass solche Notsituationen gar nicht erst eintreten, freuen uns aber \u00fcber die Unterst\u00fctzung und die M\u00f6glichkeit, mit einem solchen Stofftier die betroffenen Kinder tr\u00f6sten oder ermutigen zu k\u00f6nnen.<\/div>\n<div id=\"AppleMailSignature\" dir=\"ltr\">Wir bedanken uns f\u00fcr diese einfallsreiche Initiative, die zeigt, welche wichtige Bedeutung Schulen und soziale Einrichtungen bei der Schaffung eines Netzwerks f\u00fcr Kinder in schwierigen Lebenslagen haben.<\/div>\n<div dir=\"ltr\">&nbsp;<\/div>\n<div dir=\"ltr\">\n<div id='gallery-1' class='gallery galleryid-9055 gallery-columns-3 gallery-size-thumbnail'><dl class='gallery-item'>\n\t\t\t<dt class='gallery-icon landscape'>\n\t\t\t\t<a href='https:\/\/www.grundschule-t-a-h.de\/wp-content\/uploads\/2024\/02\/Muttiere-Al.jpeg' rel=\"lightbox[9055]\"><img loading=\"lazy\" decoding=\"async\" width=\"150\" height=\"150\" src=\"https:\/\/www.grundschule-t-a-h.de\/wp-content\/uploads\/2024\/02\/Muttiere-Al-150x150.jpeg\" class=\"attachment-thumbnail size-thumbnail\" alt=\"\" aria-describedby=\"gallery-1-9060\" \/><\/a>\n\t\t\t<\/dt>\n\t\t\t\t<dd class='wp-caption-text gallery-caption' id='gallery-1-9060'>\n\t\t\t\tAlme\n\t\t\t\t<\/dd><\/dl><dl class='gallery-item'>\n\t\t\t<dt class='gallery-icon landscape'>\n\t\t\t\t<a href='https:\/\/www.grundschule-t-a-h.de\/wp-content\/uploads\/2024\/02\/Muttiere-Ho-1.jpg' rel=\"lightbox[9055]\"><img loading=\"lazy\" decoding=\"async\" width=\"150\" height=\"150\" src=\"https:\/\/www.grundschule-t-a-h.de\/wp-content\/uploads\/2024\/02\/Muttiere-Ho-1-150x150.jpg\" class=\"attachment-thumbnail size-thumbnail\" alt=\"\" aria-describedby=\"gallery-1-9062\" \/><\/a>\n\t\t\t<\/dt>\n\t\t\t\t<dd class='wp-caption-text gallery-caption' id='gallery-1-9062'>\n\t\t\t\tHoppecke\n\t\t\t\t<\/dd><\/dl><dl class='gallery-item'>\n\t\t\t<dt class='gallery-icon landscape'>\n\t\t\t\t<a href='https:\/\/www.grundschule-t-a-h.de\/wp-content\/uploads\/2024\/02\/Muttiere-Th.jpg' rel=\"lightbox[9055]\"><img loading=\"lazy\" decoding=\"async\" width=\"150\" height=\"150\" src=\"https:\/\/www.grundschule-t-a-h.de\/wp-content\/uploads\/2024\/02\/Muttiere-Th-150x150.jpg\" class=\"attachment-thumbnail size-thumbnail\" alt=\"\" aria-describedby=\"gallery-1-9058\" \/><\/a>\n\t\t\t<\/dt>\n\t\t\t\t<dd class='wp-caption-text gallery-caption' id='gallery-1-9058'>\n\t\t\t\tTh\u00fclen\n\t\t\t\t<\/dd><\/dl><br style=\"clear: both\" \/>\n\t\t<\/div>\n\n<\/div>\n","protected":false},"excerpt":{"rendered":"<p>Unsere Schule darf sich \u00fcber sch\u00f6ne Geschenke freuen: Wir erhielten 11 handgefertigten \u201eMuttiere&#8220; von der Tagesgruppe des ambulanten Betreuten Wohnens des Caritasverbands Brilon. Diese kuscheligen Begleiter sind nicht nur niedlich anzusehen, sondern haben auch eine wichtige Bestimmung. Sie sollen an &hellip; <a href=\"https:\/\/www.grundschule-t-a-h.de\/?p=9055\">Weiterlesen <span class=\"meta-nav\">&rarr;<\/span><\/a><\/p>\n","protected":false},"author":2,"featured_media":0,"comment_status":"closed","ping_status":"closed","sticky":false,"template":"","format":"standard","meta":{"ngg_post_thumbnail":0,"footnotes":""},"categories":[1,4,2,5,8],"tags":[],"class_list":["post-9055","post","type-post","status-publish","format-standard","hentry","category-allgemein","category-alme","category-hauptmenue","category-hoppecke","category-thuelen"],"_links":{"self":[{"href":"https:\/\/www.grundschule-t-a-h.de\/index.php?rest_route=\/wp\/v2\/posts\/9055","targetHints":{"allow":["GET"]}}],"collection":[{"href":"https:\/\/www.grundschule-t-a-h.de\/index.php?rest_route=\/wp\/v2\/posts"}],"about":[{"href":"https:\/\/www.grundschule-t-a-h.de\/index.php?rest_route=\/wp\/v2\/types\/post"}],"author":[{"embeddable":true,"href":"https:\/\/www.grundschule-t-a-h.de\/index.php?rest_route=\/wp\/v2\/users\/2"}],"replies":[{"embeddable":true,"href":"https:\/\/www.grundschule-t-a-h.de\/index.php?rest_route=%2Fwp%2Fv2%2Fcomments&post=9055"}],"version-history":[{"count":5,"href":"https:\/\/www.grundschule-t-a-h.de\/index.php?rest_route=\/wp\/v2\/posts\/9055\/revisions"}],"predecessor-version":[{"id":9064,"href":"https:\/\/www.grundschule-t-a-h.de\/index.php?rest_route=\/wp\/v2\/posts\/9055\/revisions\/9064"}],"wp:attachment":[{"href":"https:\/\/www.grundschule-t-a-h.de\/index.php?rest_route=%2Fwp%2Fv2%2Fmedia&parent=9055"}],"wp:term":[{"taxonomy":"category","embeddable":true,"href":"https:\/\/www.grundschule-t-a-h.de\/index.php?rest_route=%2Fwp%2Fv2%2Fcategories&post=9055"},{"taxonomy":"post_tag","embeddable":true,"href":"https:\/\/www.grundschule-t-a-h.de\/index.php?rest_route=%2Fwp%2Fv2%2Ftags&post=9055"}],"curies":[{"name":"wp","href":"https:\/\/api.w.org\/{rel}","templated":true}]}}