{"id":8019,"date":"2021-11-11T21:11:36","date_gmt":"2021-11-11T19:11:36","guid":{"rendered":"https:\/\/www.grundschule-t-a-h.de\/?p=8019"},"modified":"2021-11-13T15:21:14","modified_gmt":"2021-11-13T13:21:14","slug":"sankt-martin","status":"publish","type":"post","link":"https:\/\/www.grundschule-t-a-h.de\/?p=8019","title":{"rendered":"Sankt Martin"},"content":{"rendered":"<p>Abwechslung vom normalen Schulalltag gab es f\u00fcr unsere Sch\u00fclerinnen und Sch\u00fcler am Martinstag. In den Standorten hatten die Lehrerinnen unterschiedliche Aktionen vorbereitet, die die Kinder an die strahlende Botschaft des Heiligen Martin erinnern sollten.<\/p>\n<div id='gallery-1' class='gallery galleryid-8019 gallery-columns-4 gallery-size-thumbnail'><dl class='gallery-item'>\n\t\t\t<dt class='gallery-icon landscape'>\n\t\t\t\t<a href='https:\/\/www.grundschule-t-a-h.de\/wp-content\/uploads\/2021\/11\/Sankt-Martin-Thuelen-02.jpg' rel=\"lightbox[8019]\"><img loading=\"lazy\" decoding=\"async\" width=\"150\" height=\"150\" src=\"https:\/\/www.grundschule-t-a-h.de\/wp-content\/uploads\/2021\/11\/Sankt-Martin-Thuelen-02-150x150.jpg\" class=\"attachment-thumbnail size-thumbnail\" alt=\"\" aria-describedby=\"gallery-1-8020\" \/><\/a>\n\t\t\t<\/dt>\n\t\t\t\t<dd class='wp-caption-text gallery-caption' id='gallery-1-8020'>\n\t\t\t\tTh\u00fclen\n\t\t\t\t<\/dd><\/dl><dl class='gallery-item'>\n\t\t\t<dt class='gallery-icon landscape'>\n\t\t\t\t<a href='https:\/\/www.grundschule-t-a-h.de\/wp-content\/uploads\/2021\/11\/Sankt-Martin-Thuelen-01.jpeg' rel=\"lightbox[8019]\"><img loading=\"lazy\" decoding=\"async\" width=\"150\" height=\"150\" src=\"https:\/\/www.grundschule-t-a-h.de\/wp-content\/uploads\/2021\/11\/Sankt-Martin-Thuelen-01-150x150.jpeg\" class=\"attachment-thumbnail size-thumbnail\" alt=\"\" aria-describedby=\"gallery-1-8023\" \/><\/a>\n\t\t\t<\/dt>\n\t\t\t\t<dd class='wp-caption-text gallery-caption' id='gallery-1-8023'>\n\t\t\t\tTh\u00fclen\n\t\t\t\t<\/dd><\/dl><dl class='gallery-item'>\n\t\t\t<dt class='gallery-icon landscape'>\n\t\t\t\t<a href='https:\/\/www.grundschule-t-a-h.de\/wp-content\/uploads\/2021\/11\/Sankt-Martin-Thuelen-04.jpg' rel=\"lightbox[8019]\"><img loading=\"lazy\" decoding=\"async\" width=\"150\" height=\"150\" src=\"https:\/\/www.grundschule-t-a-h.de\/wp-content\/uploads\/2021\/11\/Sankt-Martin-Thuelen-04-150x150.jpg\" class=\"attachment-thumbnail size-thumbnail\" alt=\"\" aria-describedby=\"gallery-1-8022\" \/><\/a>\n\t\t\t<\/dt>\n\t\t\t\t<dd class='wp-caption-text gallery-caption' id='gallery-1-8022'>\n\t\t\t\tTh\u00fclen\n\t\t\t\t<\/dd><\/dl><dl class='gallery-item'>\n\t\t\t<dt class='gallery-icon portrait'>\n\t\t\t\t<a href='https:\/\/www.grundschule-t-a-h.de\/wp-content\/uploads\/2021\/11\/Sankt-Martin-Thuelen-03.jpg' rel=\"lightbox[8019]\"><img loading=\"lazy\" decoding=\"async\" width=\"150\" height=\"150\" src=\"https:\/\/www.grundschule-t-a-h.de\/wp-content\/uploads\/2021\/11\/Sankt-Martin-Thuelen-03-150x150.jpg\" class=\"attachment-thumbnail size-thumbnail\" alt=\"\" aria-describedby=\"gallery-1-8021\" \/><\/a>\n\t\t\t<\/dt>\n\t\t\t\t<dd class='wp-caption-text gallery-caption' id='gallery-1-8021'>\n\t\t\t\tTh\u00fclen\n\t\t\t\t<\/dd><\/dl><br style=\"clear: both\" \/>\n\t\t<\/div>\n\n<p>&nbsp;<br \/>\nSo schallte es schon in der Fr\u00fche beim gemeinsamen Martinsliedersingen \u201eUnsere Lichter sollen zeigen, keiner ist allein, jeder kann, auch wenn er klein ist, wie Sankt Martin sein!&#8220; (<a href=\"https:\/\/www.grundschule-t-a-h.de\/wp-content\/uploads\/2021\/11\/3c-4c-Wenn-am-Himmel-Sterne-funkeln-mp3.mp3\">zum musikalischen Beitrag 3c \/ 4c<\/a>) in Th\u00fclen \u00fcber den Schulhof.<\/p>\n<div id='gallery-2' class='gallery galleryid-8019 gallery-columns-3 gallery-size-thumbnail'><dl class='gallery-item'>\n\t\t\t<dt class='gallery-icon portrait'>\n\t\t\t\t<a href='https:\/\/www.grundschule-t-a-h.de\/wp-content\/uploads\/2021\/11\/Sankt-Martin-Alme-01.jpeg' rel=\"lightbox[8019]\"><img loading=\"lazy\" decoding=\"async\" width=\"150\" height=\"150\" src=\"https:\/\/www.grundschule-t-a-h.de\/wp-content\/uploads\/2021\/11\/Sankt-Martin-Alme-01-150x150.jpeg\" class=\"attachment-thumbnail size-thumbnail\" alt=\"\" aria-describedby=\"gallery-2-8024\" \/><\/a>\n\t\t\t<\/dt>\n\t\t\t\t<dd class='wp-caption-text gallery-caption' id='gallery-2-8024'>\n\t\t\t\tAlme\n\t\t\t\t<\/dd><\/dl>\n\t\t\t<br style='clear: both' \/>\n\t\t<\/div>\n\n<p>In Alme waren die Klassen per Videokonferenz verbunden, sangen und h\u00f6rten Martinslieder und die Martinsgeschichte und kamen in den Genuss von Martinsbrezeln.<\/p>\n<div id='gallery-3' class='gallery galleryid-8019 gallery-columns-5 gallery-size-thumbnail'><dl class='gallery-item'>\n\t\t\t<dt class='gallery-icon portrait'>\n\t\t\t\t<a href='https:\/\/www.grundschule-t-a-h.de\/wp-content\/uploads\/2021\/11\/Sankt-Martin-Hoppecke-01.jpg' rel=\"lightbox[8019]\"><img loading=\"lazy\" decoding=\"async\" width=\"150\" height=\"150\" src=\"https:\/\/www.grundschule-t-a-h.de\/wp-content\/uploads\/2021\/11\/Sankt-Martin-Hoppecke-01-150x150.jpg\" class=\"attachment-thumbnail size-thumbnail\" alt=\"\" aria-describedby=\"gallery-3-8031\" \/><\/a>\n\t\t\t<\/dt>\n\t\t\t\t<dd class='wp-caption-text gallery-caption' id='gallery-3-8031'>\n\t\t\t\tHoppecke\n\t\t\t\t<\/dd><\/dl><dl class='gallery-item'>\n\t\t\t<dt class='gallery-icon portrait'>\n\t\t\t\t<a href='https:\/\/www.grundschule-t-a-h.de\/wp-content\/uploads\/2021\/11\/Sankt-Martin-Hoppecke-02.jpg' rel=\"lightbox[8019]\"><img loading=\"lazy\" decoding=\"async\" width=\"150\" height=\"150\" src=\"https:\/\/www.grundschule-t-a-h.de\/wp-content\/uploads\/2021\/11\/Sankt-Martin-Hoppecke-02-150x150.jpg\" class=\"attachment-thumbnail size-thumbnail\" alt=\"\" aria-describedby=\"gallery-3-8032\" \/><\/a>\n\t\t\t<\/dt>\n\t\t\t\t<dd class='wp-caption-text gallery-caption' id='gallery-3-8032'>\n\t\t\t\tHoppecke\n\t\t\t\t<\/dd><\/dl><dl class='gallery-item'>\n\t\t\t<dt class='gallery-icon landscape'>\n\t\t\t\t<a href='https:\/\/www.grundschule-t-a-h.de\/wp-content\/uploads\/2021\/11\/Sankt-Martin-Hoppecke-03.jpg' rel=\"lightbox[8019]\"><img loading=\"lazy\" decoding=\"async\" width=\"150\" height=\"150\" src=\"https:\/\/www.grundschule-t-a-h.de\/wp-content\/uploads\/2021\/11\/Sankt-Martin-Hoppecke-03-150x150.jpg\" class=\"attachment-thumbnail size-thumbnail\" alt=\"\" aria-describedby=\"gallery-3-8033\" \/><\/a>\n\t\t\t<\/dt>\n\t\t\t\t<dd class='wp-caption-text gallery-caption' id='gallery-3-8033'>\n\t\t\t\tHoppecke\n\t\t\t\t<\/dd><\/dl><dl class='gallery-item'>\n\t\t\t<dt class='gallery-icon landscape'>\n\t\t\t\t<a href='https:\/\/www.grundschule-t-a-h.de\/wp-content\/uploads\/2021\/11\/Sankt-Martin-Hoppecke-05.jpg' rel=\"lightbox[8019]\"><img loading=\"lazy\" decoding=\"async\" width=\"150\" height=\"150\" src=\"https:\/\/www.grundschule-t-a-h.de\/wp-content\/uploads\/2021\/11\/Sankt-Martin-Hoppecke-05-150x150.jpg\" class=\"attachment-thumbnail size-thumbnail\" alt=\"\" aria-describedby=\"gallery-3-8035\" \/><\/a>\n\t\t\t<\/dt>\n\t\t\t\t<dd class='wp-caption-text gallery-caption' id='gallery-3-8035'>\n\t\t\t\tHoppecke\n\t\t\t\t<\/dd><\/dl><dl class='gallery-item'>\n\t\t\t<dt class='gallery-icon portrait'>\n\t\t\t\t<a href='https:\/\/www.grundschule-t-a-h.de\/wp-content\/uploads\/2021\/11\/Sankt-Martin-Hoppecke-04.jpg' rel=\"lightbox[8019]\"><img loading=\"lazy\" decoding=\"async\" width=\"150\" height=\"150\" src=\"https:\/\/www.grundschule-t-a-h.de\/wp-content\/uploads\/2021\/11\/Sankt-Martin-Hoppecke-04-150x150.jpg\" class=\"attachment-thumbnail size-thumbnail\" alt=\"\" aria-describedby=\"gallery-3-8034\" \/><\/a>\n\t\t\t<\/dt>\n\t\t\t\t<dd class='wp-caption-text gallery-caption' id='gallery-3-8034'>\n\t\t\t\tHoppecke\n\t\t\t\t<\/dd><\/dl><br style=\"clear: both\" \/>\n\t\t<\/div>\n\n<p>Auch in Hoppecke \u00fcbten die Kinder das Teilen. Jede Klasse teilte untereinander ihren Korb mit \u00c4pfeln, nachdem die Kinder erst einen Laternenumzug machen und anschlie\u00dfend das Sankt-Martins-St\u00fcck der Klasse 4 bestaunen durften.<\/p>\n<p>Und so waren sich unsere Sch\u00fclerinnen und Sch\u00fcler in allen Standorten einig: Das Martinsfest macht Freude. Teilen auch!<\/p>\n","protected":false},"excerpt":{"rendered":"<p>Abwechslung vom normalen Schulalltag gab es f\u00fcr unsere Sch\u00fclerinnen und Sch\u00fcler am Martinstag. In den Standorten hatten die Lehrerinnen unterschiedliche Aktionen vorbereitet, die die Kinder an die strahlende Botschaft des Heiligen Martin erinnern sollten. &nbsp; So schallte es schon in &hellip; <a href=\"https:\/\/www.grundschule-t-a-h.de\/?p=8019\">Weiterlesen <span class=\"meta-nav\">&rarr;<\/span><\/a><\/p>\n","protected":false},"author":2,"featured_media":0,"comment_status":"closed","ping_status":"closed","sticky":false,"template":"","format":"standard","meta":{"ngg_post_thumbnail":0,"footnotes":""},"categories":[1,4,2,5,8],"tags":[],"class_list":["post-8019","post","type-post","status-publish","format-standard","hentry","category-allgemein","category-alme","category-hauptmenue","category-hoppecke","category-thuelen"],"_links":{"self":[{"href":"https:\/\/www.grundschule-t-a-h.de\/index.php?rest_route=\/wp\/v2\/posts\/8019","targetHints":{"allow":["GET"]}}],"collection":[{"href":"https:\/\/www.grundschule-t-a-h.de\/index.php?rest_route=\/wp\/v2\/posts"}],"about":[{"href":"https:\/\/www.grundschule-t-a-h.de\/index.php?rest_route=\/wp\/v2\/types\/post"}],"author":[{"embeddable":true,"href":"https:\/\/www.grundschule-t-a-h.de\/index.php?rest_route=\/wp\/v2\/users\/2"}],"replies":[{"embeddable":true,"href":"https:\/\/www.grundschule-t-a-h.de\/index.php?rest_route=%2Fwp%2Fv2%2Fcomments&post=8019"}],"version-history":[{"count":8,"href":"https:\/\/www.grundschule-t-a-h.de\/index.php?rest_route=\/wp\/v2\/posts\/8019\/revisions"}],"predecessor-version":[{"id":8039,"href":"https:\/\/www.grundschule-t-a-h.de\/index.php?rest_route=\/wp\/v2\/posts\/8019\/revisions\/8039"}],"wp:attachment":[{"href":"https:\/\/www.grundschule-t-a-h.de\/index.php?rest_route=%2Fwp%2Fv2%2Fmedia&parent=8019"}],"wp:term":[{"taxonomy":"category","embeddable":true,"href":"https:\/\/www.grundschule-t-a-h.de\/index.php?rest_route=%2Fwp%2Fv2%2Fcategories&post=8019"},{"taxonomy":"post_tag","embeddable":true,"href":"https:\/\/www.grundschule-t-a-h.de\/index.php?rest_route=%2Fwp%2Fv2%2Ftags&post=8019"}],"curies":[{"name":"wp","href":"https:\/\/api.w.org\/{rel}","templated":true}]}}