{"id":10017,"date":"2026-09-03T16:32:32","date_gmt":"2026-09-03T14:32:32","guid":{"rendered":"https:\/\/www.grundschule-t-a-h.de\/?p=10017"},"modified":"2026-09-03T16:32:46","modified_gmt":"2026-09-03T14:32:46","slug":"einschulung-2026","status":"publish","type":"post","link":"https:\/\/www.grundschule-t-a-h.de\/?p=10017","title":{"rendered":"Einschulung 2026"},"content":{"rendered":"<p>Heute wurden unsere neuen Erstkl\u00e4sslerinnen und Erstkl\u00e4ssler in Alme, Hoppecke und Th\u00fclen herzlich bei uns begr\u00fc\u00dft. Mit einem Gottesdienst und einem kleinen Einschulungsprogramm startete f\u00fcr sie ein ganz besonderer Tag.<br \/>\nAnschlie\u00dfend ging es gemeinsam mit Frau Hoppe, Frau Ebel, Frau Bentler und Frau G\u00f6tte in die erste Unterrichtsstunde.&nbsp;<\/p>\n<p>Wir freuen uns sehr \u00fcber unsere neuen Sch\u00fclerinnen und Sch\u00fcler und w\u00fcnschen ihnen eine sch\u00f6ne und spannende Schulzeit!<br \/>\nHerzlich willkommen in unserem Grundschulverbund!<\/p>\n<div id=\"attachment_10018\" style=\"width: 260px\" class=\"wp-caption aligncenter\"><a href=\"https:\/\/www.grundschule-t-a-h.de\/wp-content\/uploads\/2026\/09\/Einschulung-1a-2627-Alme-HP.jpg\" rel=\"lightbox[10017]\"><img loading=\"lazy\" decoding=\"async\" aria-describedby=\"caption-attachment-10018\" class=\"size-medium wp-image-10018\" src=\"https:\/\/www.grundschule-t-a-h.de\/wp-content\/uploads\/2026\/09\/Einschulung-1a-2627-Alme-HP-250x166.jpg\" alt=\"\" width=\"250\" height=\"166\" srcset=\"https:\/\/www.grundschule-t-a-h.de\/wp-content\/uploads\/2026\/09\/Einschulung-1a-2627-Alme-HP-250x166.jpg 250w, https:\/\/www.grundschule-t-a-h.de\/wp-content\/uploads\/2026\/09\/Einschulung-1a-2627-Alme-HP-1024x681.jpg 1024w, https:\/\/www.grundschule-t-a-h.de\/wp-content\/uploads\/2026\/09\/Einschulung-1a-2627-Alme-HP-768x511.jpg 768w, https:\/\/www.grundschule-t-a-h.de\/wp-content\/uploads\/2026\/09\/Einschulung-1a-2627-Alme-HP-1536x1021.jpg 1536w, https:\/\/www.grundschule-t-a-h.de\/wp-content\/uploads\/2026\/09\/Einschulung-1a-2627-Alme-HP-2048x1362.jpg 2048w\" sizes=\"auto, (max-width: 250px) 100vw, 250px\" \/><\/a><p id=\"caption-attachment-10018\" class=\"wp-caption-text\">Klasse 1a<\/p><\/div>\n<div id=\"attachment_10019\" style=\"width: 260px\" class=\"wp-caption aligncenter\"><a href=\"https:\/\/www.grundschule-t-a-h.de\/wp-content\/uploads\/2026\/09\/Einschulung-1b-2627-HP.jpg\" rel=\"lightbox[10017]\"><img loading=\"lazy\" decoding=\"async\" aria-describedby=\"caption-attachment-10019\" class=\"size-medium wp-image-10019\" src=\"https:\/\/www.grundschule-t-a-h.de\/wp-content\/uploads\/2026\/09\/Einschulung-1b-2627-HP-250x167.jpg\" alt=\"\" width=\"250\" height=\"167\" srcset=\"https:\/\/www.grundschule-t-a-h.de\/wp-content\/uploads\/2026\/09\/Einschulung-1b-2627-HP-250x167.jpg 250w, https:\/\/www.grundschule-t-a-h.de\/wp-content\/uploads\/2026\/09\/Einschulung-1b-2627-HP-1024x685.jpg 1024w, https:\/\/www.grundschule-t-a-h.de\/wp-content\/uploads\/2026\/09\/Einschulung-1b-2627-HP-768x514.jpg 768w, https:\/\/www.grundschule-t-a-h.de\/wp-content\/uploads\/2026\/09\/Einschulung-1b-2627-HP-1536x1027.jpg 1536w, https:\/\/www.grundschule-t-a-h.de\/wp-content\/uploads\/2026\/09\/Einschulung-1b-2627-HP-2048x1370.jpg 2048w\" sizes=\"auto, (max-width: 250px) 100vw, 250px\" \/><\/a><p id=\"caption-attachment-10019\" class=\"wp-caption-text\">Klasse 1b<\/p><\/div>\n<div id=\"attachment_10020\" style=\"width: 260px\" class=\"wp-caption aligncenter\"><a href=\"https:\/\/www.grundschule-t-a-h.de\/wp-content\/uploads\/2026\/09\/Einschulung-1c-2627-Thuelen-HP.jpeg\" rel=\"lightbox[10017]\"><img loading=\"lazy\" decoding=\"async\" aria-describedby=\"caption-attachment-10020\" class=\"wp-image-10020 size-medium\" src=\"https:\/\/www.grundschule-t-a-h.de\/wp-content\/uploads\/2026\/09\/Einschulung-1c-2627-Thuelen-HP-250x166.jpeg\" alt=\"\" width=\"250\" height=\"166\" srcset=\"https:\/\/www.grundschule-t-a-h.de\/wp-content\/uploads\/2026\/09\/Einschulung-1c-2627-Thuelen-HP-250x166.jpeg 250w, https:\/\/www.grundschule-t-a-h.de\/wp-content\/uploads\/2026\/09\/Einschulung-1c-2627-Thuelen-HP-1024x681.jpeg 1024w, https:\/\/www.grundschule-t-a-h.de\/wp-content\/uploads\/2026\/09\/Einschulung-1c-2627-Thuelen-HP-768x510.jpeg 768w, https:\/\/www.grundschule-t-a-h.de\/wp-content\/uploads\/2026\/09\/Einschulung-1c-2627-Thuelen-HP-1536x1021.jpeg 1536w, https:\/\/www.grundschule-t-a-h.de\/wp-content\/uploads\/2026\/09\/Einschulung-1c-2627-Thuelen-HP-2048x1361.jpeg 2048w\" sizes=\"auto, (max-width: 250px) 100vw, 250px\" \/><\/a><p id=\"caption-attachment-10020\" class=\"wp-caption-text\">Klasse 1c<\/p><\/div>\n<div id=\"attachment_10021\" style=\"width: 260px\" class=\"wp-caption aligncenter\"><a href=\"https:\/\/www.grundschule-t-a-h.de\/wp-content\/uploads\/2026\/09\/Einschulung-1d-2627-Alme-HP-rotated-e1788445589466.jpg\" rel=\"lightbox[10017]\"><img loading=\"lazy\" decoding=\"async\" aria-describedby=\"caption-attachment-10021\" class=\"size-medium wp-image-10021\" src=\"https:\/\/www.grundschule-t-a-h.de\/wp-content\/uploads\/2026\/09\/Einschulung-1d-2627-Alme-HP-rotated-e1788445589466-250x166.jpg\" alt=\"\" width=\"250\" height=\"166\" srcset=\"https:\/\/www.grundschule-t-a-h.de\/wp-content\/uploads\/2026\/09\/Einschulung-1d-2627-Alme-HP-rotated-e1788445589466-250x166.jpg 250w, https:\/\/www.grundschule-t-a-h.de\/wp-content\/uploads\/2026\/09\/Einschulung-1d-2627-Alme-HP-rotated-e1788445589466-1024x681.jpg 1024w, https:\/\/www.grundschule-t-a-h.de\/wp-content\/uploads\/2026\/09\/Einschulung-1d-2627-Alme-HP-rotated-e1788445589466-768x511.jpg 768w, https:\/\/www.grundschule-t-a-h.de\/wp-content\/uploads\/2026\/09\/Einschulung-1d-2627-Alme-HP-rotated-e1788445589466-1536x1021.jpg 1536w, https:\/\/www.grundschule-t-a-h.de\/wp-content\/uploads\/2026\/09\/Einschulung-1d-2627-Alme-HP-rotated-e1788445589466-2048x1362.jpg 2048w\" sizes=\"auto, (max-width: 250px) 100vw, 250px\" \/><\/a><p id=\"caption-attachment-10021\" class=\"wp-caption-text\">Klasse 1d<\/p><\/div>\n","protected":false},"excerpt":{"rendered":"<p>Heute wurden unsere neuen Erstkl\u00e4sslerinnen und Erstkl\u00e4ssler in Alme, Hoppecke und Th\u00fclen herzlich bei uns begr\u00fc\u00dft. Mit einem Gottesdienst und einem kleinen Einschulungsprogramm startete f\u00fcr sie ein ganz besonderer Tag. Anschlie\u00dfend ging es gemeinsam mit Frau Hoppe, Frau Ebel, Frau &hellip; <a href=\"https:\/\/www.grundschule-t-a-h.de\/?p=10017\">Weiterlesen <span class=\"meta-nav\">&rarr;<\/span><\/a><\/p>\n","protected":false},"author":2,"featured_media":0,"comment_status":"closed","ping_status":"closed","sticky":false,"template":"","format":"standard","meta":{"ngg_post_thumbnail":0,"footnotes":""},"categories":[1,4,2,5,8],"tags":[],"class_list":["post-10017","post","type-post","status-publish","format-standard","hentry","category-allgemein","category-alme","category-hauptmenue","category-hoppecke","category-thuelen"],"_links":{"self":[{"href":"https:\/\/www.grundschule-t-a-h.de\/index.php?rest_route=\/wp\/v2\/posts\/10017","targetHints":{"allow":["GET"]}}],"collection":[{"href":"https:\/\/www.grundschule-t-a-h.de\/index.php?rest_route=\/wp\/v2\/posts"}],"about":[{"href":"https:\/\/www.grundschule-t-a-h.de\/index.php?rest_route=\/wp\/v2\/types\/post"}],"author":[{"embeddable":true,"href":"https:\/\/www.grundschule-t-a-h.de\/index.php?rest_route=\/wp\/v2\/users\/2"}],"replies":[{"embeddable":true,"href":"https:\/\/www.grundschule-t-a-h.de\/index.php?rest_route=%2Fwp%2Fv2%2Fcomments&post=10017"}],"version-history":[{"count":2,"href":"https:\/\/www.grundschule-t-a-h.de\/index.php?rest_route=\/wp\/v2\/posts\/10017\/revisions"}],"predecessor-version":[{"id":10023,"href":"https:\/\/www.grundschule-t-a-h.de\/index.php?rest_route=\/wp\/v2\/posts\/10017\/revisions\/10023"}],"wp:attachment":[{"href":"https:\/\/www.grundschule-t-a-h.de\/index.php?rest_route=%2Fwp%2Fv2%2Fmedia&parent=10017"}],"wp:term":[{"taxonomy":"category","embeddable":true,"href":"https:\/\/www.grundschule-t-a-h.de\/index.php?rest_route=%2Fwp%2Fv2%2Fcategories&post=10017"},{"taxonomy":"post_tag","embeddable":true,"href":"https:\/\/www.grundschule-t-a-h.de\/index.php?rest_route=%2Fwp%2Fv2%2Ftags&post=10017"}],"curies":[{"name":"wp","href":"https:\/\/api.w.org\/{rel}","templated":true}]}}